{"id":449613,"date":"2025-10-09T08:53:21","date_gmt":"2025-10-09T08:53:21","guid":{"rendered":"https:\/\/www.europesays.com\/fr\/449613\/"},"modified":"2025-10-09T08:53:21","modified_gmt":"2025-10-09T08:53:21","slug":"cryptomonnaie-la-belgique-a-la-traine-sur-mica-la-commission-europeenne-lance-une-procedure-dinfraction","status":"publish","type":"post","link":"https:\/\/www.europesays.com\/fr\/449613\/","title":{"rendered":"Cryptomonnaie : La Belgique \u00e0 la tra\u00eene sur MiCA, la Commission europ\u00e9enne lance une proc\u00e9dure d\u2019infraction"},"content":{"rendered":"<p data-beyondwords-marker=\"d092e162-8b52-44ed-a3b8-891ccfdd6c3b\">La Belgique est-elle en retard sur MiCA ? C\u2019est ce que semble penser la Commission europ\u00e9enne qui a r\u00e9cemment lanc\u00e9 une proc\u00e9dure d\u2019infraction contre le pays pour son manque de conformit\u00e9 avec le <strong><a href=\"https:\/\/journalducoin.com\/actualites\/mica-cadre-reglementaire-europeen-favorise-exchanges-crypto-plus-riches\/\" data-wpel-link=\"internal\" target=\"_self\" rel=\"follow noopener noreferrer\" class=\"plausible-event-name=Liens+internes\">r\u00e8glement sur les march\u00e9s des crypto-actifs (MiCA)<\/a><\/strong>. <\/p>\n<p data-beyondwords-marker=\"9ea19eea-4d2a-4e84-82f2-5731e0be2599\">Alors que le r\u00e8glement MiCA est entr\u00e9 en application compl\u00e8te le 30 d\u00e9cembre 2024, les r\u00e8gles sur les stablecoins (Titres III et IV) sont entr\u00e9es en application d\u00e8s le 30 juin 2024, la Belgique n\u2019a toujours pas adapt\u00e9 sa l\u00e9gislation nationale, ce qui lui vaut aujourd\u2019hui un avertissement formel de l\u2019Union europ\u00e9enne. On fait le point.<\/p>\n<p><strong style=\"font-size: 18px\">Les points cl\u00e9s de cet article :<\/strong><\/p>\n<ul style=\"font-size: 18px\"><\/p>\n<li>La Belgique a re\u00e7u un avertissement formel de l\u2019Union europ\u00e9enne pour son manque de conformit\u00e9 avec le r\u00e8glement MiCA sur les march\u00e9s des crypto-actifs.<\/li>\n<p><\/p>\n<li>La Commission europ\u00e9enne a donn\u00e9 deux mois \u00e0 la Belgique pour se conformer aux exigences de MiCA, sous peine de poursuites judiciaires.<\/li>\n<p><\/p>\n<li>Un projet de loi est en pr\u00e9paration en Belgique pour adapter la l\u00e9gislation nationale aux exigences de MiCA et rassurer les investisseurs du secteur des cryptomonnaies.<\/li>\n<\/ul>\n<p><\/p>\n<p>La Belgique dans le viseur de l\u2019UE<\/p>\n<p data-beyondwords-marker=\"43fce7e3-d996-4ee5-855a-7896632f1cf7\">La Commission europ\u00e9enne a adress\u00e9 un<strong> avis motiv\u00e9<\/strong> \u00e0 la Belgique comme l\u2019<a href=\"https:\/\/www.lecho.be\/dossiers\/cryptomonnaies.html\" data-wpel-link=\"external\" target=\"_blank\" rel=\"noopener\">expliquent<\/a> Les Echos, marquant ainsi la deuxi\u00e8me \u00e9tape d\u2019une proc\u00e9dure d\u2019infraction. Le pays dispose d\u00e9sormais de deux mois pour se conformer \u00e0 la r\u00e9glementation europ\u00e9enne, sous peine de se voir tra\u00een\u00e9 devant la Cour de justice de l\u2019Union europ\u00e9enne. En cause, le <strong>non-respect d\u2019une obligation de MiCA<\/strong>.<\/p>\n<p data-beyondwords-marker=\"c8f77675-ce72-4c86-b167-af5fdade91b7\">En effet, malgr\u00e9 l\u2019entr\u00e9e en vigueur de MiCA, la Belgique n\u2019a toujours pas <strong>d\u00e9sign\u00e9 d\u2019autorit\u00e9 comp\u00e9tente<\/strong> pour superviser le secteur des cryptomonnaies, ni mis en place les mesures n\u00e9cessaires pour assurer la conformit\u00e9 des acteurs du march\u00e9. <\/p>\n<p data-beyondwords-marker=\"f458f4d0-e5cc-4081-bcc7-fbaac7aa5717\">Ce retard pourrait co\u00fbter cher au pays, alors que l\u2019Union europ\u00e9enne cherche \u00e0 harmoniser les r\u00e8gles \u00e0 travers ses \u00c9tats membres.<\/p>\n<p><img fetchpriority=\"high\" decoding=\"async\" width=\"1200\" height=\"675\" alt=\"Belgique bitcoin cryptomonnaies\" class=\"wp-image-602214 lazyload\" src=\"https:\/\/www.europesays.com\/fr\/wp-content\/uploads\/2025\/10\/belgique-bitcoin.jpg\" loading=\"lazy\"  data- data-eio-rwidth=\"1200\" data-eio-rheight=\"675\"\/><\/p>\n<p>Un projet de loi en pr\u00e9paration<\/p>\n<p data-beyondwords-marker=\"d070dada-b165-4780-b59d-f21de531506b\">Face \u00e0 la <strong>pression de Bruxelles<\/strong>, la Belgique tente de rattraper son retard. Un <strong>projet de loi <\/strong>est actuellement en pr\u00e9paration pour adapter le cadre l\u00e9gislatif national aux exigences de MiCA. Ce texte devrait notamment clarifier le r\u00f4le des <strong>autorit\u00e9s de surveillance<\/strong> et pr\u00e9ciser les obligations des prestataires de services sur les crypto-actifs.<\/p>\n<p data-beyondwords-marker=\"9415a5cc-56b8-4af5-aeb6-2225f691b08c\">Selon les informations disponibles, ce projet de loi pourrait \u00eatre pr\u00e9sent\u00e9 au Parlement dans les prochaines semaines. <\/p>\n<p data-beyondwords-marker=\"a72e144a-8066-44fc-b907-acb5779575a0\">Comprenons bien tout de m\u00eame. Le <strong>retard belge<\/strong> dans la d\u00e9signation d\u2019un r\u00e9gulateur MiCA n\u2019est que la derni\u00e8re pi\u00e8ce du puzzle institutionnel. Les proc\u00e9dures d\u2019infraction sont courantes, elles ont pour but de mettre tous les pays de l\u2019Union europ\u00e9enne au m\u00eame niveau. A la Belgique s\u2019ajoute deux autres pays encore un peu en retard sur le dossier de la d\u00e9signation d\u2019une autorit\u00e9 comp\u00e9tente dans le cadre de l\u2019application du r\u00e9glement MiCA : le Portugal et la Roumanie.<\/p>\n","protected":false},"excerpt":{"rendered":"La Belgique est-elle en retard sur MiCA ? C\u2019est ce que semble penser la Commission europ\u00e9enne qui a&hellip;\n","protected":false},"author":2,"featured_media":449614,"comment_status":"","ping_status":"","sticky":false,"template":"","format":"standard","meta":{"footnotes":""},"categories":[1586],"tags":[11,1777,674,1779,1011,27,28915,2112,12,25,1778,364],"class_list":{"0":"post-449613","1":"post","2":"type-post","3":"status-publish","4":"format-standard","5":"has-post-thumbnail","7":"category-europe","8":"tag-actualites","9":"tag-eu","10":"tag-europe","11":"tag-european-union","12":"tag-fr","13":"tag-france","14":"tag-loi-mica","15":"tag-marches-financiers","16":"tag-news","17":"tag-republique-francaise","18":"tag-ue","19":"tag-union-europeenne"},"share_on_mastodon":{"url":"https:\/\/pubeurope.com\/@fr\/115343366858658361","error":""},"_links":{"self":[{"href":"https:\/\/www.europesays.com\/fr\/wp-json\/wp\/v2\/posts\/449613","targetHints":{"allow":["GET"]}}],"collection":[{"href":"https:\/\/www.europesays.com\/fr\/wp-json\/wp\/v2\/posts"}],"about":[{"href":"https:\/\/www.europesays.com\/fr\/wp-json\/wp\/v2\/types\/post"}],"author":[{"embeddable":true,"href":"https:\/\/www.europesays.com\/fr\/wp-json\/wp\/v2\/users\/2"}],"replies":[{"embeddable":true,"href":"https:\/\/www.europesays.com\/fr\/wp-json\/wp\/v2\/comments?post=449613"}],"version-history":[{"count":0,"href":"https:\/\/www.europesays.com\/fr\/wp-json\/wp\/v2\/posts\/449613\/revisions"}],"wp:featuredmedia":[{"embeddable":true,"href":"https:\/\/www.europesays.com\/fr\/wp-json\/wp\/v2\/media\/449614"}],"wp:attachment":[{"href":"https:\/\/www.europesays.com\/fr\/wp-json\/wp\/v2\/media?parent=449613"}],"wp:term":[{"taxonomy":"category","embeddable":true,"href":"https:\/\/www.europesays.com\/fr\/wp-json\/wp\/v2\/categories?post=449613"},{"taxonomy":"post_tag","embeddable":true,"href":"https:\/\/www.europesays.com\/fr\/wp-json\/wp\/v2\/tags?post=449613"}],"curies":[{"name":"wp","href":"https:\/\/api.w.org\/{rel}","templated":true}]}}