{"id":449619,"date":"2025-10-09T08:56:12","date_gmt":"2025-10-09T08:56:12","guid":{"rendered":"https:\/\/www.europesays.com\/fr\/449619\/"},"modified":"2025-10-09T08:56:12","modified_gmt":"2025-10-09T08:56:12","slug":"lennart-monterlos-est-arrive-en-france-apres-plusieurs-mois-de-detention-en-iran","status":"publish","type":"post","link":"https:\/\/www.europesays.com\/fr\/449619\/","title":{"rendered":"Lennart Monterlos est arriv\u00e9 en France, apr\u00e8s plusieurs mois de d\u00e9tention en Iran"},"content":{"rendered":"<p><a href=\"https:\/\/www.laprovence.com\/article\/france-monde\/7954069530366914\/lennart-monterlos-le-jeune-cycliste-franco-allemand-detenu-en-iran-a-ete-libere\" target=\"_blank\" rel=\"noopener\">Lennart Monterlos<\/a>, le cyclotouriste franco-allemand de 19 ans qui avait \u00e9t\u00e9 emprisonn\u00e9 en juin en Iran avant d&rsquo;\u00eatre lib\u00e9r\u00e9 le weekend dernier, est arriv\u00e9 ce jeudi 9 octobre matin \u00e0 l&rsquo;a\u00e9roport de Paris-Charles de Gaulle, a-t-on appris aupr\u00e8s de deux sources proches du dossier.<\/p>\n<p>Le jeune homme est arriv\u00e9 \u00e0 Paris peu avant 09h20 locales, ont indiqu\u00e9 ces sources. Il est sorti de l&rsquo;a\u00e9roport en toute discr\u00e9tion.<\/p>\n","protected":false},"excerpt":{"rendered":"Lennart Monterlos, le cyclotouriste franco-allemand de 19 ans qui avait \u00e9t\u00e9 emprisonn\u00e9 en juin en Iran avant d&rsquo;\u00eatre&hellip;\n","protected":false},"author":2,"featured_media":449620,"comment_status":"","ping_status":"","sticky":false,"template":"","format":"standard","meta":{"footnotes":""},"categories":[4],"tags":[17,11,150,15200,932,1011,27,329,57577,57578,12,2513,25],"class_list":{"0":"post-449619","1":"post","2":"type-post","3":"status-publish","4":"format-standard","5":"has-post-thumbnail","7":"category-france","8":"tag-17","9":"tag-actualites","10":"tag-apres","11":"tag-arrive","12":"tag-est","13":"tag-fr","14":"tag-france","15":"tag-france-monde","16":"tag-lennart","17":"tag-monterlos","18":"tag-news","19":"tag-plusieurs","20":"tag-republique-francaise"},"share_on_mastodon":{"url":"https:\/\/pubeurope.com\/@fr\/115343378666311749","error":""},"_links":{"self":[{"href":"https:\/\/www.europesays.com\/fr\/wp-json\/wp\/v2\/posts\/449619","targetHints":{"allow":["GET"]}}],"collection":[{"href":"https:\/\/www.europesays.com\/fr\/wp-json\/wp\/v2\/posts"}],"about":[{"href":"https:\/\/www.europesays.com\/fr\/wp-json\/wp\/v2\/types\/post"}],"author":[{"embeddable":true,"href":"https:\/\/www.europesays.com\/fr\/wp-json\/wp\/v2\/users\/2"}],"replies":[{"embeddable":true,"href":"https:\/\/www.europesays.com\/fr\/wp-json\/wp\/v2\/comments?post=449619"}],"version-history":[{"count":0,"href":"https:\/\/www.europesays.com\/fr\/wp-json\/wp\/v2\/posts\/449619\/revisions"}],"wp:featuredmedia":[{"embeddable":true,"href":"https:\/\/www.europesays.com\/fr\/wp-json\/wp\/v2\/media\/449620"}],"wp:attachment":[{"href":"https:\/\/www.europesays.com\/fr\/wp-json\/wp\/v2\/media?parent=449619"}],"wp:term":[{"taxonomy":"category","embeddable":true,"href":"https:\/\/www.europesays.com\/fr\/wp-json\/wp\/v2\/categories?post=449619"},{"taxonomy":"post_tag","embeddable":true,"href":"https:\/\/www.europesays.com\/fr\/wp-json\/wp\/v2\/tags?post=449619"}],"curies":[{"name":"wp","href":"https:\/\/api.w.org\/{rel}","templated":true}]}}