{"id":449630,"date":"2025-10-09T09:05:14","date_gmt":"2025-10-09T09:05:14","guid":{"rendered":"https:\/\/www.europesays.com\/fr\/449630\/"},"modified":"2025-10-09T09:05:14","modified_gmt":"2025-10-09T09:05:14","slug":"des-tensions-au-sein-du-centre-de-formation-du-psg","status":"publish","type":"post","link":"https:\/\/www.europesays.com\/fr\/449630\/","title":{"rendered":"des tensions au sein du centre de formation du PSG"},"content":{"rendered":"<p><strong>Ce jeudi 9 octobre, la presse fran\u00e7aise (sur l\u2019aspect sportif) s\u2019est concentr\u00e9e du c\u00f4t\u00e9 du Paris Saint-Germain sur des tensions autour du centre de formation du club, dont des d\u00e9parts et arr\u00eats maladie qui mettent le staff en difficult\u00e9.<\/strong><\/p>\n<p>Le Parisien \u2013<\/p>\n<p>Rien \u00e0 propos du PSG.<\/p>\n<p>L\u2019Equipe \u2013<\/p>\n<p><img loading=\"lazy\" decoding=\"async\" class=\"aligncenter size-full wp-image-881399 lazyload\" alt=\"\" width=\"692\" height=\"122\" data-eio=\"p\" src=\"https:\/\/www.europesays.com\/fr\/wp-content\/uploads\/2025\/10\/presse-10.png\"  data- data-eio-rwidth=\"692\" data-eio-rheight=\"122\"\/> <img loading=\"lazy\" decoding=\"async\" class=\"aligncenter size-full wp-image-881398 lazyload\" alt=\"\" width=\"224\" height=\"60\" data-eio=\"p\" src=\"https:\/\/www.europesays.com\/fr\/wp-content\/uploads\/2025\/10\/presse2-12.png\"  data- data-eio-rwidth=\"224\" data-eio-rheight=\"60\"\/><\/p>\n<p>Il n\u2019y a rien de s\u00fbr, puisque l\u2019on sait bien que le journal sportif n\u2019est pas parfaitement fiable \u00e0 propos de la vie interne du PSG. On ne peut pas oublier qu\u2019il y a eu quelques \u00ab\u00a0recherches\u00a0\u00bb de \u00ab\u00a0drame\u00a0\u00bb sans confirmation. Ce n\u2019est pas forc\u00e9ment le cas ici, attention. Sauf que les probl\u00e8mes peuvent aussi \u00eatre bien exag\u00e9r\u00e9s.<\/p>\n<p>Cela fait partie de la vie d\u2019un groupe et d\u2019un club d\u2019avoir des tensions parfois, des probl\u00e8mes \u00e0 g\u00e9rer. Sans oublier, comme l\u2019indique le PSG dans l\u2019article, que le recrutement d\u2019\u00e9ducateur n\u2019est pas toujours simple quand on veut assurer d\u2019avoir un accompagnement de qualit\u00e9. Laissons surtout le club travailler, pour un bilan \u00e0 faire plus tard et venant plut\u00f4t de la direction parisienne.<\/p>\n<p>\t\t\t\t\t\t\t\t\t\t\t\t\t\t\t\t\t\t\t\t\t\t\t<img loading=\"lazy\" src=\"https:\/\/www.europesays.com\/fr\/wp-content\/uploads\/2025\/04\/ParisFans_Logo.png\" decoding=\"async\" class=\"lazyload\" width=\"240\" height=\"54\" data-eio-rwidth=\"240\" data-eio-rheight=\"54\"\/><\/p>\n","protected":false},"excerpt":{"rendered":"Ce jeudi 9 octobre, la presse fran\u00e7aise (sur l\u2019aspect sportif) s\u2019est concentr\u00e9e du c\u00f4t\u00e9 du Paris Saint-Germain sur&hellip;\n","protected":false},"author":2,"featured_media":449631,"comment_status":"","ping_status":"","sticky":false,"template":"","format":"standard","meta":{"footnotes":""},"categories":[1410],"tags":[63,1011,27,4048,60,96],"class_list":{"0":"post-449630","1":"post","2":"type-post","3":"status-publish","4":"format-standard","5":"has-post-thumbnail","7":"category-football","8":"tag-football","9":"tag-fr","10":"tag-france","11":"tag-presse","12":"tag-sports","13":"tag-une"},"share_on_mastodon":{"url":"https:\/\/pubeurope.com\/@fr\/115343414279961206","error":""},"_links":{"self":[{"href":"https:\/\/www.europesays.com\/fr\/wp-json\/wp\/v2\/posts\/449630","targetHints":{"allow":["GET"]}}],"collection":[{"href":"https:\/\/www.europesays.com\/fr\/wp-json\/wp\/v2\/posts"}],"about":[{"href":"https:\/\/www.europesays.com\/fr\/wp-json\/wp\/v2\/types\/post"}],"author":[{"embeddable":true,"href":"https:\/\/www.europesays.com\/fr\/wp-json\/wp\/v2\/users\/2"}],"replies":[{"embeddable":true,"href":"https:\/\/www.europesays.com\/fr\/wp-json\/wp\/v2\/comments?post=449630"}],"version-history":[{"count":0,"href":"https:\/\/www.europesays.com\/fr\/wp-json\/wp\/v2\/posts\/449630\/revisions"}],"wp:featuredmedia":[{"embeddable":true,"href":"https:\/\/www.europesays.com\/fr\/wp-json\/wp\/v2\/media\/449631"}],"wp:attachment":[{"href":"https:\/\/www.europesays.com\/fr\/wp-json\/wp\/v2\/media?parent=449630"}],"wp:term":[{"taxonomy":"category","embeddable":true,"href":"https:\/\/www.europesays.com\/fr\/wp-json\/wp\/v2\/categories?post=449630"},{"taxonomy":"post_tag","embeddable":true,"href":"https:\/\/www.europesays.com\/fr\/wp-json\/wp\/v2\/tags?post=449630"}],"curies":[{"name":"wp","href":"https:\/\/api.w.org\/{rel}","templated":true}]}}