{"id":449634,"date":"2025-10-09T09:07:25","date_gmt":"2025-10-09T09:07:25","guid":{"rendered":"https:\/\/www.europesays.com\/fr\/449634\/"},"modified":"2025-10-09T09:07:25","modified_gmt":"2025-10-09T09:07:25","slug":"comprendre-larchitecture-dans-le-patrimoine-local","status":"publish","type":"post","link":"https:\/\/www.europesays.com\/fr\/449634\/","title":{"rendered":"comprendre l\u2019architecture dans le patrimoine local"},"content":{"rendered":"<p>Le programme d\u2019automne du Pays d\u2019art et d\u2019histoire va faire la part belle au patrimoine b\u00e2ti avec en point d\u2019orgue les dixi\u00e8mes Journ\u00e9es nationales de l\u2019architecture qui se d\u00e9rouleront du 16 au 19\u00a0octobre 2025. \u00ab Cette ann\u00e9e, nous nous associons \u00e9galement au Mois de l\u2019architecture\u00a0initi\u00e9 par la Drac Nouvelle-Aquitaine [Direction r\u00e9gionale des Affaires culturelles] qui a lieu du 22\u00a0septembre au 31\u00a0octobre \u00bb, indique B\u00e9atrice Guyonnet, cheffe de projet <a target=\"_blank\" href=\"https:\/\/www.vienneetgartempe.fr\/decouvrir-sortir\/patrimoine\/pays-dart-et-dhistoire\/\" rel=\"noopener\">Pays d\u2019art et d\u2019histoire<\/a> \u00e0 la communaut\u00e9 de communes Vienne et Gartempe (CCVG).<\/p>\n<p>Balades, patrimoine, architecture, conf\u00e9rences\u2026<\/p>\n<p>Vendredi 10\u00a0octobre \u00e0 17\u00a0h \u00e0 Lussac-les-Ch\u00e2teaux, il sera question de la r\u00e9habilitation du quartier des Piniers et de l\u2019ancienne maison de la Biche (rendez-vous place du Champ-de-foire, devant l\u2019office de tourisme) en partenariat avec l\u2019association les Passeurs de M\u00e9moire. Cette balade permettra la d\u00e9couverte des quartiers anciens de Lussac, ceux plus r\u00e9cents et en cours de r\u00e9novation et ceux \u00e0 venir comme le quartier des Piniers et l\u2019ancienne Maison de la Biche.<\/p>\n<p>Samedi 11\u00a0octobre \u00e0 15\u00a0h, sera abord\u00e9e la question de la revitalisation du centre ancien de L\u2019Isle-Jourdain avec la visite de l\u2019\u00eelot du Bon Coin (rendez-vous office de tourisme). Enfin, un atelier peinture \u00e0 l\u2019ocre anim\u00e9 par Fr\u00e9d\u00e9ric Chauvin sera propos\u00e9 \u00e0 La Bussi\u00e8re le samedi 18\u00a0octobre, de 9\u00a0h\u00a030 \u00e0 18\u00a0h (sur r\u00e9servation au 05.49.91.07.53).<\/p>\n<p>Les architectes sont invit\u00e9s \u00e0 pr\u00e9senter leur travail et leurs r\u00e9alisations au cours de portes ouvertes ou de visites de chantier.<\/p>\n<p>Ce sera aussi le cas \u00e0\u00a0Montmorillon, mercredi 29\u00a0octobre \u00e0 partir de 18\u00a0h. En pr\u00e9sence de l\u2019agence d\u2019architecture Pascal Baranger, une pr\u00e9sentation sera faite de la r\u00e9novation en cours de l\u2019ancienne salle des f\u00eates de Montmorillon devenue par la suite salle de cin\u00e9ma. Le dimanche 19\u00a0octobre \u00e0 15\u00a0h, une visite de l\u2019ancien h\u00f4pital sera \u00e9galement propos\u00e9e.<\/p>\n<p>Les autres temps forts de l\u2019automne<\/p>\n<p><strong>Montmorillon <\/strong><strong>:<\/strong> conf\u00e9rences \u00e0 la Maison des services, 6, rue Daniel-Cormier, \u00ab\u00a0Comment traverser la Vienne au fil des si\u00e8cles\u00a0\u00bb (vendredi 17\u00a0octobre \u00e0 18\u00a0h) et \u00ab\u00a0Voyages et p\u00e8lerinages locaux\u00a0\u00bb (samedi 13\u00a0d\u00e9cembre \u00e0 15\u00a0h).<\/p>\n<p><strong>Balades patrimoine ou nature<\/strong>\u00a0<strong>:<\/strong> Haims, dimanche 5\u00a0octobre \u00e0 14\u00a0h\u00a030 (rendez-vous devant l\u2019\u00e9glise). Lhommaiz\u00e9, dimanche 2\u00a0novembre \u00e0 14\u00a0h (rendez-vous devant l\u2019\u00e9glise). Pressac, dimanche 16\u00a0novembre \u00e0 14\u00a0h (rendez-vous devant l\u2019\u00e9glise). Availles-Limouzine, dimanche 7\u00a0d\u00e9cembre \u00e0 14\u00a0h (rendez-vous devant l\u2019\u00e9glise).<\/p>\n<p><strong>Actualit\u00e9 du patrimoine<\/strong>\u00a0<strong>:<\/strong> \u00c0 Adriers, samedi 25\u00a0octobre \u00e0 14\u00a0h, pr\u00e9sentation de la restauration des banni\u00e8res de procession de l\u2019\u00e9glise Saint-Hilaire.<\/p>\n<p>Programme complet sur www.vienneetgartempe.fr et dans les mairies et bureaux d\u2019information touristique.<\/p>\n","protected":false},"excerpt":{"rendered":"Le programme d\u2019automne du Pays d\u2019art et d\u2019histoire va faire la part belle au patrimoine b\u00e2ti avec en&hellip;\n","protected":false},"author":2,"featured_media":449635,"comment_status":"","ping_status":"","sticky":false,"template":"","format":"standard","meta":{"footnotes":""},"categories":[1358],"tags":[1392,1348,1384,1385,9332,1674,1386,58,59,1011,27,57579,42196,27663,2551,1584,36216],"class_list":{"0":"post-449634","1":"post","2":"type-post","3":"status-publish","4":"format-standard","5":"has-post-thumbnail","7":"category-arts-et-design","8":"tag-a-la-une-local","9":"tag-arts","10":"tag-arts-and-design","11":"tag-arts-et-design","12":"tag-centrepresse","13":"tag-communes","14":"tag-design","15":"tag-divertissement","16":"tag-entertainment","17":"tag-fr","18":"tag-france","19":"tag-lisle-jourdain","20":"tag-lussac-les-chateaux","21":"tag-montmorillon","22":"tag-patrimoine","23":"tag-vienne","24":"tag-vienne-et-gartempe"},"share_on_mastodon":{"url":"https:\/\/pubeurope.com\/@fr\/115343421869001130","error":""},"_links":{"self":[{"href":"https:\/\/www.europesays.com\/fr\/wp-json\/wp\/v2\/posts\/449634","targetHints":{"allow":["GET"]}}],"collection":[{"href":"https:\/\/www.europesays.com\/fr\/wp-json\/wp\/v2\/posts"}],"about":[{"href":"https:\/\/www.europesays.com\/fr\/wp-json\/wp\/v2\/types\/post"}],"author":[{"embeddable":true,"href":"https:\/\/www.europesays.com\/fr\/wp-json\/wp\/v2\/users\/2"}],"replies":[{"embeddable":true,"href":"https:\/\/www.europesays.com\/fr\/wp-json\/wp\/v2\/comments?post=449634"}],"version-history":[{"count":0,"href":"https:\/\/www.europesays.com\/fr\/wp-json\/wp\/v2\/posts\/449634\/revisions"}],"wp:featuredmedia":[{"embeddable":true,"href":"https:\/\/www.europesays.com\/fr\/wp-json\/wp\/v2\/media\/449635"}],"wp:attachment":[{"href":"https:\/\/www.europesays.com\/fr\/wp-json\/wp\/v2\/media?parent=449634"}],"wp:term":[{"taxonomy":"category","embeddable":true,"href":"https:\/\/www.europesays.com\/fr\/wp-json\/wp\/v2\/categories?post=449634"},{"taxonomy":"post_tag","embeddable":true,"href":"https:\/\/www.europesays.com\/fr\/wp-json\/wp\/v2\/tags?post=449634"}],"curies":[{"name":"wp","href":"https:\/\/api.w.org\/{rel}","templated":true}]}}