{"id":449636,"date":"2025-10-09T09:08:15","date_gmt":"2025-10-09T09:08:15","guid":{"rendered":"https:\/\/www.europesays.com\/fr\/449636\/"},"modified":"2025-10-09T09:08:15","modified_gmt":"2025-10-09T09:08:15","slug":"roman-pour-enfants-chat-va-etre-super-les-vacances","status":"publish","type":"post","link":"https:\/\/www.europesays.com\/fr\/449636\/","title":{"rendered":"Roman pour enfants. Chat va \u00eatre super, les vacances"},"content":{"rendered":"<p class=\"\">Darwin, un chat qui aime bien sa tranquillit\u00e9, et Mimolette, une souris tr\u00e8s active, sont les meilleurs amis du monde malgr\u00e9 leurs caract\u00e8res tr\u00e8s diff\u00e9rents. A l\u2019arriv\u00e9e des vacances, chacun a choisi son programme de r\u00eave. Darwin s\u2019imagine manger des chips en faisant la sieste au soleil. Mais Mimolette, elle, souhaite partir \u00e0 l\u2019aventure et l\u2019entra\u00eener avec elle. Comment convaincre ce paresseux qu\u2019une journ\u00e9e de v\u00e9lo pour aller camper au bord du lac est une bonne id\u00e9e?<\/p>\n","protected":false},"excerpt":{"rendered":"Darwin, un chat qui aime bien sa tranquillit\u00e9, et Mimolette, une souris tr\u00e8s active, sont les meilleurs amis&hellip;\n","protected":false},"author":2,"featured_media":449637,"comment_status":"","ping_status":"","sticky":false,"template":"","format":"standard","meta":{"footnotes":""},"categories":[1357],"tags":[1379,58,1719,59,1011,27,1380,2004,2528],"class_list":{"0":"post-449636","1":"post","2":"type-post","3":"status-publish","4":"format-standard","5":"has-post-thumbnail","7":"category-livres","8":"tag-books","9":"tag-divertissement","10":"tag-enfants","11":"tag-entertainment","12":"tag-fr","13":"tag-france","14":"tag-livres","15":"tag-roman","16":"tag-vacances"},"share_on_mastodon":{"url":"https:\/\/pubeurope.com\/@fr\/115343425855128160","error":""},"_links":{"self":[{"href":"https:\/\/www.europesays.com\/fr\/wp-json\/wp\/v2\/posts\/449636","targetHints":{"allow":["GET"]}}],"collection":[{"href":"https:\/\/www.europesays.com\/fr\/wp-json\/wp\/v2\/posts"}],"about":[{"href":"https:\/\/www.europesays.com\/fr\/wp-json\/wp\/v2\/types\/post"}],"author":[{"embeddable":true,"href":"https:\/\/www.europesays.com\/fr\/wp-json\/wp\/v2\/users\/2"}],"replies":[{"embeddable":true,"href":"https:\/\/www.europesays.com\/fr\/wp-json\/wp\/v2\/comments?post=449636"}],"version-history":[{"count":0,"href":"https:\/\/www.europesays.com\/fr\/wp-json\/wp\/v2\/posts\/449636\/revisions"}],"wp:featuredmedia":[{"embeddable":true,"href":"https:\/\/www.europesays.com\/fr\/wp-json\/wp\/v2\/media\/449637"}],"wp:attachment":[{"href":"https:\/\/www.europesays.com\/fr\/wp-json\/wp\/v2\/media?parent=449636"}],"wp:term":[{"taxonomy":"category","embeddable":true,"href":"https:\/\/www.europesays.com\/fr\/wp-json\/wp\/v2\/categories?post=449636"},{"taxonomy":"post_tag","embeddable":true,"href":"https:\/\/www.europesays.com\/fr\/wp-json\/wp\/v2\/tags?post=449636"}],"curies":[{"name":"wp","href":"https:\/\/api.w.org\/{rel}","templated":true}]}}