{"id":449638,"date":"2025-10-09T09:09:11","date_gmt":"2025-10-09T09:09:11","guid":{"rendered":"https:\/\/www.europesays.com\/fr\/449638\/"},"modified":"2025-10-09T09:09:11","modified_gmt":"2025-10-09T09:09:11","slug":"un-chroniqueur-de-cyril-hanouna-sendort-en-pleine-emission","status":"publish","type":"post","link":"https:\/\/www.europesays.com\/fr\/449638\/","title":{"rendered":"un chroniqueur de Cyril Hanouna s\u2019endort en pleine \u00e9mission"},"content":{"rendered":"<p>    Fabien Delettres dans \u00ab Tout beau tout fun\u00a0\u00bb le 8 octobre 2025<br \/>\n                Capture \u00e9cran Fun Radio<\/p>\n<p>\n    L\u2019animateur de radio et auteur Fabien Delettres intervient r\u00e9guli\u00e8rement sur Fun radio, aux c\u00f4t\u00e9s du trublion du PAF. Atteint de narcolepsie, il s\u2019est endormi en pleine \u00e9mission, ce mercredi 8 octobre, provoquant un fou rire g\u00e9n\u00e9ral.<\/p>\n<p class=\"fig-paragraph\">S\u00e9quence lunaire dans <strong>\u00abTout beau tout fun\u00bb<\/strong> sur Fun radio. Ni l\u2019animateur,\u00a0<a href=\"https:\/\/www.lefigaro.fr\/tag\/cyril-hanouna\" target=\"_blank\" rel=\"noopener nofollow\" data-gtm-custom-categorie=\"navigation\" data-gtm-custom-action=\"crossclick\" data-gtm-custom-label=\"Contextuel\" data-gtm-event=\"customEventSPE\"><strong>Cyril Hanouna<\/strong><\/a>, ni les chroniqueurs pr\u00e9sents ce mercredi 8 octobre dans le studio de la station du groupe\u00a0<a href=\"https:\/\/tvmag.lefigaro.fr\/programme-tv\/chaine\/118\/tous-les-programmes-de-m6\" target=\"_blank\" rel=\"noopener nofollow\" data-gtm-custom-categorie=\"navigation\" data-gtm-custom-action=\"crossclick\" data-gtm-custom-label=\"Contextuel\" data-gtm-event=\"customEventSPE\">M6<\/a>, n\u2019\u00e9taient pr\u00eats \u00e0 trouver l\u2019un des leurs, compl\u00e8tement endormi sur son fauteuil, en pleine \u00e9mission.<\/p>\n<p class=\"fig-paragraph\">L\u2019\u00e9quipe du jour \u00e9tait compos\u00e9e de\u00a0<a href=\"https:\/\/www.lefigaro.fr\/tag\/valerie-benaim\" target=\"_blank\" rel=\"noopener nofollow\" data-gtm-custom-categorie=\"navigation\" data-gtm-custom-action=\"crossclick\" data-gtm-custom-label=\"Contextuel\" data-gtm-event=\"customEventSPE\">Val\u00e9rie Bena\u00efm<\/a>,\u00a0<a href=\"https:\/\/www.lefigaro.fr\/tag\/olivier-dartigolles\" target=\"_blank\" rel=\"noopener nofollow\" data-gtm-custom-categorie=\"navigation\" data-gtm-custom-action=\"crossclick\" data-gtm-custom-label=\"Contextuel\" data-gtm-event=\"customEventSPE\">Olivier Dartigolles<\/a>\u00a0et\u00a0<a href=\"https:\/\/www.lefigaro.fr\/tag\/raymond-aabou\" target=\"_blank\" rel=\"noopener nofollow\" data-gtm-custom-categorie=\"navigation\" data-gtm-custom-action=\"crossclick\" data-gtm-custom-label=\"Contextuel\" data-gtm-event=\"customEventSPE\">Raymond Aabou<\/a>\u00a0\u00e0 la droite du pr\u00e9sentateur, et de Shana Loustau, Fabien Delettres et\u00a0<a href=\"https:\/\/www.lefigaro.fr\/tag\/fabien-lecoeuvre\" target=\"_blank\" rel=\"noopener nofollow\" data-gtm-custom-categorie=\"navigation\" data-gtm-custom-action=\"crossclick\" data-gtm-custom-label=\"Contextuel\" data-gtm-event=\"customEventSPE\">Fabien Lecoeuvre<\/a>\u00a0de l\u2019autre c\u00f4t\u00e9. Ce dernier justement venait \u00e0 peine d\u2019arriver afin de pr\u00e9senter sa chronique \u00abGossips\u00bb, o\u00f9 il divulgue des informations personnelles et anecdotes concernant des stars fran\u00e7aises et internationales.<\/p>\n<p>                                    <a class=\"fig-a11y-skip a11y-hidden\" href=\"#fig-a11y-skip-main-inarticle\"><br \/>\n        Passer la publicit\u00e9<br \/>\n    <\/a><\/p>\n<p class=\"fig-paragraph\">L\u2019occasion pour Cyril Hanouna de complimenter son chroniqueur sur ses changements capillaires. \u00abC\u2019est vrai, les pattes, \u00e7a t\u2019affine\u00bb, a-t-il d\u00e9clar\u00e9, hilare, apr\u00e8s avoir d\u00e9j\u00e0 pass\u00e9 plusieurs minutes \u00e0 les d\u00e9crire. Une hilarit\u00e9 g\u00e9n\u00e9rale qui s\u2019est intensifi\u00e9e lorsque le trublion du PAF a remarqu\u00e9 que le voisin de table de Fabien Lecoeuvre, Fabien Delettres, \u00e9tait compl\u00e8tement endormi.<\/p>\n<p class=\"fig-body-link\">\n            \u00c0 lire aussi<br \/>\n        <a class=\"fig-body-link__link\" href=\"http:\/\/tvmag.lefigaro.fr\/programme-tv\/actu-tele\/on-n-a-rien-capte-mais-on-a-ecoute-quand-meme-cyril-hanouna-lance-avec-humour-tout-beau-tout-fun-20250902\" target=\"_blank\" data-fig-type=\"Article\" rel=\"noopener nofollow\" data-gtm-custom-categorie=\"navigation\" data-gtm-custom-action=\"crossclick\" data-gtm-custom-label=\"Contextuel\" data-gtm-event=\"customEventSPE\" data-fig-domain=\"TVMAG\">\u00abOn n\u2019a rien capt\u00e9, mais on a \u00e9cout\u00e9 quand m\u00eame\u00bb\u00a0: Cyril Hanouna lance avec humour \u00abTout beau tout fun\u00bb<br \/>\n    <\/a>\n<\/p>\n<p class=\"fig-paragraph\">\u00abIl y a Fabien Delettres qui s\u2019est endormi\u00bb, s\u2019est-il exclam\u00e9, pointant du doigt le chroniqueur en question. S\u2019en est suivi un fou rire dans le studio de Fun Radio. \u00abCette \u00e9quipe de fous&#8230;\u00bb, a comment\u00e9 Olivier Dartigolles. Quelque peu calm\u00e9, l\u2019animateur est alors intervenu\u00a0: \u00ab J\u2019explique aux auditeurs de Fun Radio. Il y a Fabien Delettres qui est narcoleptique. Quand il a trop d\u2019\u00e9motions, il s\u2019endort. Il s\u2019est vraiment endormi\u00a0\u00bb.<\/p>\n<p class=\"fig-paragraph\">Une explication qui n\u2019a pas suffi arr\u00eater les rires. \u00abL\u2019\u00e9quipe est folle&#8230; Il ne se r\u00e9veillait plus\u00a0!\u00bb, s\u2019est exprim\u00e9e Val\u00e9rie B\u00e9na\u00efm, incr\u00e9dule devant la situation. Et Cyril Hanouna de poursuivre\u00a0: \u00ab L\u2019autre, on ne sait pas ce qu\u2019il fait l\u00e0. L\u2019ann\u00e9e derni\u00e8re, il parlait de l\u2019Assembl\u00e9e nationale, aujourd\u2019hui, il se retrouve sur Fun Radio. Sans d\u00e9conner, c\u2019est incroyable. J\u2019en peux plus, je pleure, je le dis aux auditeurs, vraiment je pleure. On a rigol\u00e9 sur les pattes de Fabien Lecoeuvre, qui a des favoris. Que Dieu les b\u00e9nisse, ces favoris sont un truc de fou. C\u2019est tr\u00e8s beau, et \u00e7a va revenir tr\u00e8s fort\u00a0\u00bb.<\/p>\n","protected":false},"excerpt":{"rendered":"Fabien Delettres dans \u00ab Tout beau tout fun\u00a0\u00bb le 8 octobre 2025 Capture \u00e9cran Fun Radio L\u2019animateur de&hellip;\n","protected":false},"author":2,"featured_media":449639,"comment_status":"","ping_status":"","sticky":false,"template":"","format":"standard","meta":{"footnotes":""},"categories":[1356],"tags":[1083,58,59,1011,27,494,252,1364,2395],"class_list":{"0":"post-449638","1":"post","2":"type-post","3":"status-publish","4":"format-standard","5":"has-post-thumbnail","7":"category-television","8":"tag-cyril-hanouna","9":"tag-divertissement","10":"tag-entertainment","11":"tag-fr","12":"tag-france","13":"tag-m6","14":"tag-television","15":"tag-tv","16":"tag-w9"},"share_on_mastodon":{"url":"https:\/\/pubeurope.com\/@fr\/115343429897690307","error":""},"_links":{"self":[{"href":"https:\/\/www.europesays.com\/fr\/wp-json\/wp\/v2\/posts\/449638","targetHints":{"allow":["GET"]}}],"collection":[{"href":"https:\/\/www.europesays.com\/fr\/wp-json\/wp\/v2\/posts"}],"about":[{"href":"https:\/\/www.europesays.com\/fr\/wp-json\/wp\/v2\/types\/post"}],"author":[{"embeddable":true,"href":"https:\/\/www.europesays.com\/fr\/wp-json\/wp\/v2\/users\/2"}],"replies":[{"embeddable":true,"href":"https:\/\/www.europesays.com\/fr\/wp-json\/wp\/v2\/comments?post=449638"}],"version-history":[{"count":0,"href":"https:\/\/www.europesays.com\/fr\/wp-json\/wp\/v2\/posts\/449638\/revisions"}],"wp:featuredmedia":[{"embeddable":true,"href":"https:\/\/www.europesays.com\/fr\/wp-json\/wp\/v2\/media\/449639"}],"wp:attachment":[{"href":"https:\/\/www.europesays.com\/fr\/wp-json\/wp\/v2\/media?parent=449638"}],"wp:term":[{"taxonomy":"category","embeddable":true,"href":"https:\/\/www.europesays.com\/fr\/wp-json\/wp\/v2\/categories?post=449638"},{"taxonomy":"post_tag","embeddable":true,"href":"https:\/\/www.europesays.com\/fr\/wp-json\/wp\/v2\/tags?post=449638"}],"curies":[{"name":"wp","href":"https:\/\/api.w.org\/{rel}","templated":true}]}}