{"id":449660,"date":"2025-10-09T09:23:11","date_gmt":"2025-10-09T09:23:11","guid":{"rendered":"https:\/\/www.europesays.com\/fr\/449660\/"},"modified":"2025-10-09T09:23:11","modified_gmt":"2025-10-09T09:23:11","slug":"nancy-des-grues-deployees-place-stanislas-ce-jeudi-9-octobre-pour-securiser-un-element-de-facade","status":"publish","type":"post","link":"https:\/\/www.europesays.com\/fr\/449660\/","title":{"rendered":"Nancy. Des grues d\u00e9ploy\u00e9es place Stanislas ce jeudi 9\u00a0octobre pour s\u00e9curiser un \u00e9l\u00e9ment de fa\u00e7ade"},"content":{"rendered":"<p>Op\u00e9ration de haut vol ce jeudi 9\u00a0octobre <a href=\"https:\/\/www.estrepublicain.fr\/culture-loisirs\/2025\/05\/19\/la-place-stanislas-fete-les-20-ans-de-sa-pietonnisation-et-deux-decennies-de-renouveau\" target=\"_blank\" rel=\"noopener\">place Stanislas<\/a> , pr\u00e9cis\u00e9ment juste devant l\u2019h\u00f4tel de ville\u00a0: une grue et une nacelle, venant respectivement des soci\u00e9t\u00e9s Foslev et Guelorget, ont en effet pris place t\u00f4t ce matin aux pieds de la mairie pour permettre \u00e0 Eric Marandel, tailleur de pierre <a href=\"https:\/\/www.estrepublicain.fr\/societe\/2025\/05\/24\/thierry-france-lanord-nous-a-quittes\" target=\"_blank\" rel=\"noopener\">chez France-Lanord &amp; Bichaton,<\/a> de proc\u00e9der \u00e0 la d\u00e9pose d\u2019un des angelots tr\u00f4nant au fa\u00eete de la fa\u00e7ade.<\/p>\n<p>\u00ab\u00a0Cet angelot est en partie ab\u00eem\u00e9 au niveau des assises. Par s\u00e9curit\u00e9, il est retir\u00e9 et sera restaur\u00e9 ensuite\u00a0\u00bb, expliquait Eric Marandel, \u0153uvrant pour cette soci\u00e9t\u00e9 sp\u00e9cialis\u00e9e dans les b\u00e2timents patrimoniaux.<\/p>\n<p>Une entreprise qui conna\u00eet bien les lieux et son patrimoine architectural puisque par le pass\u00e9, elle a notamment restaur\u00e9 les angelots et pots \u00e0 feu des fa\u00e7ades de l\u2019op\u00e9ra et de l\u2019h\u00f4tel de la Reine.<\/p>\n<p>Cette op\u00e9ration\u00a0sur l\u2019h\u00f4tel de ville pourrait prendre une bonne partie de la journ\u00e9e de ce jeudi.<\/p>\n","protected":false},"excerpt":{"rendered":"Op\u00e9ration de haut vol ce jeudi 9\u00a0octobre place Stanislas , pr\u00e9cis\u00e9ment juste devant l\u2019h\u00f4tel de ville\u00a0: une grue&hellip;\n","protected":false},"author":2,"featured_media":449661,"comment_status":"","ping_status":"","sticky":false,"template":"","format":"standard","meta":{"footnotes":""},"categories":[9635],"tags":[1111,11,4749,1687,33,1704,1777,674,1011,27,775,1702,1703,12,2661,25],"class_list":{"0":"post-449660","1":"post","2":"type-post","3":"status-publish","4":"format-standard","5":"has-post-thumbnail","7":"category-nancy","8":"tag-actu","9":"tag-actualites","10":"tag-btp-et-chantiers","11":"tag-culture-loisirs","12":"tag-economie","13":"tag-edition-nancy-et-agglomeration","14":"tag-eu","15":"tag-europe","16":"tag-fr","17":"tag-france","18":"tag-grand-est","19":"tag-nancy","20":"tag-nancy-ville-54b","21":"tag-news","22":"tag-patrimoine-culturel","23":"tag-republique-francaise"},"share_on_mastodon":{"url":"https:\/\/pubeurope.com\/@fr\/115343485042024102","error":""},"_links":{"self":[{"href":"https:\/\/www.europesays.com\/fr\/wp-json\/wp\/v2\/posts\/449660","targetHints":{"allow":["GET"]}}],"collection":[{"href":"https:\/\/www.europesays.com\/fr\/wp-json\/wp\/v2\/posts"}],"about":[{"href":"https:\/\/www.europesays.com\/fr\/wp-json\/wp\/v2\/types\/post"}],"author":[{"embeddable":true,"href":"https:\/\/www.europesays.com\/fr\/wp-json\/wp\/v2\/users\/2"}],"replies":[{"embeddable":true,"href":"https:\/\/www.europesays.com\/fr\/wp-json\/wp\/v2\/comments?post=449660"}],"version-history":[{"count":0,"href":"https:\/\/www.europesays.com\/fr\/wp-json\/wp\/v2\/posts\/449660\/revisions"}],"wp:featuredmedia":[{"embeddable":true,"href":"https:\/\/www.europesays.com\/fr\/wp-json\/wp\/v2\/media\/449661"}],"wp:attachment":[{"href":"https:\/\/www.europesays.com\/fr\/wp-json\/wp\/v2\/media?parent=449660"}],"wp:term":[{"taxonomy":"category","embeddable":true,"href":"https:\/\/www.europesays.com\/fr\/wp-json\/wp\/v2\/categories?post=449660"},{"taxonomy":"post_tag","embeddable":true,"href":"https:\/\/www.europesays.com\/fr\/wp-json\/wp\/v2\/tags?post=449660"}],"curies":[{"name":"wp","href":"https:\/\/api.w.org\/{rel}","templated":true}]}}