{"id":449662,"date":"2025-10-09T09:24:40","date_gmt":"2025-10-09T09:24:40","guid":{"rendered":"https:\/\/www.europesays.com\/fr\/449662\/"},"modified":"2025-10-09T09:24:40","modified_gmt":"2025-10-09T09:24:40","slug":"les-annonces-du-maire-mathieu-klein","status":"publish","type":"post","link":"https:\/\/www.europesays.com\/fr\/449662\/","title":{"rendered":"les annonces du maire Mathieu Klein"},"content":{"rendered":"<p>Comme un petit air de campagne\u2026 Il n\u2019est toujours pas candidat officiel \u00e0 sa succession. Mais dope le rythme de ses rencontres avec la presse. Chaque mois, le maire <a href=\"https:\/\/www.estrepublicain.fr\/p\/mathieu-klein\" target=\"_blank\" rel=\"noopener\">Mathieu Klein<\/a>, donne rendez-vous aux journalistes pour balayer l\u2019actualit\u00e9. L\u2019occasion de faire le point sur diff\u00e9rents dossiers.<\/p>\n<p><strong> \u25b6 \u2002Candidat \u00e0 aucun poste minist\u00e9riel mais\u2026 <\/strong>Mathieu Klein le jure, il ne postule \u00e0 rien. \u00ab\u200aJe suis maire et pr\u00e9sident de la M\u00e9tropole et cela suffit \u00e0 mon bonheur.\u200a\u00bb N\u2019emp\u00eache, si le Pr\u00e9sident de la R\u00e9publicain <a href=\"https:\/\/www.estrepublicain.fr\/p\/emmanuel-macron\" target=\"_blank\" rel=\"noopener\">Emmanuel Macron<\/a> se d\u00e9cide \u00ab\u200a\u00e0 respecter l\u2019ordre d\u2019arriv\u00e9e des l\u00e9gislatives\u200a\u00bb et si un gouvernement de gauche lui demande de venir le rejoindre, il ne refusera pas l\u2019obstacle\u200a: \u00ab\u200aLa situation est trop grave.\u200a\u00bb<\/p>\n<p><strong> \u25b6 \u2002Retour du Ouigo Nancy-Paris. <\/strong> Ce n\u2019est pas encore officiel, la SNCF devrait elle-m\u00eame annoncer la bonne nouvelle en fin d\u2019ann\u00e9e. Mais oui, au moins un aller-retour TGV Ouigo Nancy-Paris pourrait \u00eatre remis en service dans les prochains mois. \u00ab \u00c7a avance bien. \u00bb Pour m\u00e9moire, <a href=\"https:\/\/www.estrepublicain.fr\/economie\/2021\/08\/30\/a-nancy-et-metz-la-bataille-du-tgv-n-est-jamais-finie\" target=\"_blank\" rel=\"noopener\"> cette liaison \u00ab low cost \u00bb avait \u00e9t\u00e9 supprim\u00e9e en 2021<\/a> car jug\u00e9e non rentable par la soci\u00e9t\u00e9 de chemin de fer. \u00ab La desserte ferroviaire est un enjeu de mobilisation constante. \u00bb D\u2019ailleurs, il plaide aupr\u00e8s du minist\u00e8re des transports pour qu\u2019un train de nuit assure \u00e0 nouveau une liaison vers le sud.<\/p>\n<p>  \u00ab Purger la rue Mih\u00e9 de ses trafiquants \u00bb<\/p>\n<p><strong> \u25b6 \u2002Stup\u00e9fiants. <\/strong> Il n\u2019\u00e9lude pas le probl\u00e8me. Oui, Nancy comme toutes les villes aujourd\u2019hui, est confront\u00e9e au fl\u00e9au de la drogue. \u00ab 80 % de nos conversations avec le pr\u00e9fet portent sur ce sujet. \u00bb Mais voil\u00e0, la probl\u00e9matique est complexe. Les solutions pas aussi simplistes que voudraient le faire croire certains, dont le Rassemblement national, explique-t-il. \u00ab C\u2019est une vraie question de gestion europ\u00e9enne. \u00bb<\/p>\n<p>En attendant, \u00ab les riverains attendent des r\u00e9ponses concr\u00e8tes, nous, on ne g\u00e8re que les cons\u00e9quences \u00bb. Pas une raison pour baisser les bras, ajoute-t-il. \u00ab Il y a des dizaines de passages de policiers chaque jour \u00bb, dans les rues impact\u00e9es, Pont-Mouja, Saint-Nicolas, <a href=\"https:\/\/www.estrepublicain.fr\/faits-divers-justice\/2025\/03\/04\/en-centre-ville-la-rue-du-docteur-schmitt-est-devenue-la-rue-de-l-insecurite\" target=\"_blank\" rel=\"noopener\">Docteur-Schmitt<\/a> \u2026 Histoire de montrer aux dealers qu\u2019ils ne sont pas chez eux.<\/p>\n<p>\u00ab Mais il faut plus d\u2019effectifs sur le terrain. \u00bb Il en a fait la demande \u00e0 plusieurs reprises aupr\u00e8s de toutes les instances. \u00ab Nous, on a pris notre part, on a consid\u00e9rablement augment\u00e9 le nombre de policiers municipaux. \u00bb<\/p>\n<p>Il \u00e9voque aussi la situation du Haut-du-Li\u00e8vre : \u00ab Il faut purger la rue Mih\u00e9 de ses trafiquants pour que les habitants puissent se r\u00e9installer tranquillement dans l\u2019ex C\u00e8dre Bleu. Et pour gagner la bataille r\u00e9publicaine. \u00bb<\/p>\n<p><strong> \u25b6 \u2002Tunnel Charles-III.<\/strong> Il le rappelle, il n\u2019est pas \u00e0 l\u2019origine de ce projet. La paternit\u00e9 en revient \u00e0 <a href=\"https:\/\/www.estrepublicain.fr\/p\/andre-rossinot\" target=\"_blank\" rel=\"noopener\">Andr\u00e9 Rossinot<\/a> qui, en son temps, avait d\u00e9j\u00e0 command\u00e9 une \u00e9tude. <a href=\"https:\/\/www.estrepublicain.fr\/economie\/2022\/11\/11\/travaux-et-suppression-d-un-tunnel-pour-la-creation-d-une-piste-cyclable\" target=\"_blank\" rel=\"noopener\"> Pour l\u2019instant, rien n\u2019est fait.<\/a> \u00ab La question se posera mais pas dans l\u2019imm\u00e9diat. \u00bb Il est pr\u00eat \u00e0 \u00e9tudier toutes les autres solutions qui permettraient de satisfaire une cohabitation apais\u00e9e entre les automobilistes, les usagers des deux-roues et les bus.<\/p>\n<p><strong> \u25b6 \u2002Radar mobile avenue de Boufflers. <\/strong> Il a \u00e9t\u00e9 install\u00e9 il y a quelques semaines pour r\u00e9pondre \u00e0 la demande des riverains, exc\u00e9d\u00e9s par la vitesse de certains automobilistes. <a href=\"https:\/\/www.estrepublicain.fr\/faits-divers-justice\/2025\/09\/28\/le-nouveau-radar-de-l-avenue-de-boufflers-deja-tague\" target=\"_blank\" rel=\"noopener\"> Ce radar mobile<\/a> devrait laisser la place \u00e0 un radar fixe.<\/p>\n<p><strong> \u25b6 \u2002Palais du Gouvernement. <\/strong> Les travaux entrepris \u00e0 l\u2019h\u00f4tel de la Reine ont conduit, en novembre 2024, <a href=\"https:\/\/www.estrepublicain.fr\/economie\/2024\/11\/06\/le-xv-et-le-louis-dans-leur-nouveau-cocon-au-palais-du-gouvernement\" target=\"_blank\" rel=\"noopener\">au transfert provisoire du restaurant et du bar au Palais du Gouvernement<\/a>. \u00ab Le succ\u00e8s de cette op\u00e9ration plaide pour une activit\u00e9 analogue p\u00e9renne \u00bb, dans ce joyau du patrimoine nanc\u00e9ien.<\/p>\n<p>\u00ab Je suis plut\u00f4t convaincu par cette exp\u00e9rience. Je la vois bien se prolonger. \u00bb Au-del\u00e0 de 2027, voire 2028 (NDR, le maire donne d\u00e9sormais cette \u00e9ch\u00e9ance pour la fin du chantier)\u2026 Mais attention, cela passera par un appel d\u2019offres et d\u2019autres conditions, notamment en termes de loyer.<\/p>\n","protected":false},"excerpt":{"rendered":"Comme un petit air de campagne\u2026 Il n\u2019est toujours pas candidat officiel \u00e0 sa succession. Mais dope le&hellip;\n","protected":false},"author":2,"featured_media":449663,"comment_status":"","ping_status":"","sticky":false,"template":"","format":"standard","meta":{"footnotes":""},"categories":[9635],"tags":[1111,11,1984,1704,1777,674,1011,27,775,1702,1703,12,316,25],"class_list":{"0":"post-449662","1":"post","2":"type-post","3":"status-publish","4":"format-standard","5":"has-post-thumbnail","7":"category-nancy","8":"tag-actu","9":"tag-actualites","10":"tag-conseil-municipal","11":"tag-edition-nancy-et-agglomeration","12":"tag-eu","13":"tag-europe","14":"tag-fr","15":"tag-france","16":"tag-grand-est","17":"tag-nancy","18":"tag-nancy-ville-54b","19":"tag-news","20":"tag-politique","21":"tag-republique-francaise"},"share_on_mastodon":{"url":"https:\/\/pubeurope.com\/@fr\/115343488725135199","error":""},"_links":{"self":[{"href":"https:\/\/www.europesays.com\/fr\/wp-json\/wp\/v2\/posts\/449662","targetHints":{"allow":["GET"]}}],"collection":[{"href":"https:\/\/www.europesays.com\/fr\/wp-json\/wp\/v2\/posts"}],"about":[{"href":"https:\/\/www.europesays.com\/fr\/wp-json\/wp\/v2\/types\/post"}],"author":[{"embeddable":true,"href":"https:\/\/www.europesays.com\/fr\/wp-json\/wp\/v2\/users\/2"}],"replies":[{"embeddable":true,"href":"https:\/\/www.europesays.com\/fr\/wp-json\/wp\/v2\/comments?post=449662"}],"version-history":[{"count":0,"href":"https:\/\/www.europesays.com\/fr\/wp-json\/wp\/v2\/posts\/449662\/revisions"}],"wp:featuredmedia":[{"embeddable":true,"href":"https:\/\/www.europesays.com\/fr\/wp-json\/wp\/v2\/media\/449663"}],"wp:attachment":[{"href":"https:\/\/www.europesays.com\/fr\/wp-json\/wp\/v2\/media?parent=449662"}],"wp:term":[{"taxonomy":"category","embeddable":true,"href":"https:\/\/www.europesays.com\/fr\/wp-json\/wp\/v2\/categories?post=449662"},{"taxonomy":"post_tag","embeddable":true,"href":"https:\/\/www.europesays.com\/fr\/wp-json\/wp\/v2\/tags?post=449662"}],"curies":[{"name":"wp","href":"https:\/\/api.w.org\/{rel}","templated":true}]}}