{"id":449720,"date":"2025-10-09T09:56:12","date_gmt":"2025-10-09T09:56:12","guid":{"rendered":"https:\/\/www.europesays.com\/fr\/449720\/"},"modified":"2025-10-09T09:56:12","modified_gmt":"2025-10-09T09:56:12","slug":"paris-un-clandestin-tunisien-maitrise-par-des-passants-apres-une-tentative-de-viol-sur-une-sexagenaire","status":"publish","type":"post","link":"https:\/\/www.europesays.com\/fr\/449720\/","title":{"rendered":"Paris : un clandestin tunisien ma\u00eetris\u00e9 par des passants apr\u00e8s une tentative de viol sur une sexag\u00e9naire"},"content":{"rendered":"<p>\tParis : un clandestin tunisien ma\u00eetris\u00e9 par des passants apr\u00e8s une tentative de viol sur une sexag\u00e9naire &#8211; Valeurs actuelles<\/p>\n<p><a href=\"https:\/\/www.valeursactuelles.com\/\" rel=\"nofollow noopener\" target=\"_blank\">Accueil<\/a> \u00bb <a href=\"https:\/\/www.valeursactuelles.com\/faits-divers\" rel=\"nofollow noopener\" target=\"_blank\">Faits divers<\/a> \u00bb Paris : un clandestin tunisien ma\u00eetris\u00e9 par des passants apr\u00e8s une tentative de viol sur une sexag\u00e9naire<\/p>\n","protected":false},"excerpt":{"rendered":"Paris : un clandestin tunisien ma\u00eetris\u00e9 par des passants apr\u00e8s une tentative de viol sur une sexag\u00e9naire &#8211;&hellip;\n","protected":false},"author":2,"featured_media":449721,"comment_status":"","ping_status":"","sticky":false,"template":"","format":"standard","meta":{"footnotes":"","_share_on_mastodon":"0"},"categories":[1888],"tags":[11,1777,674,1011,27,14904,12,626,25,21390,57584,38073],"class_list":["post-449720","post","type-post","status-publish","format-standard","has-post-thumbnail","category-paris","tag-actualites","tag-eu","tag-europe","tag-fr","tag-france","tag-gare-du-nord","tag-news","tag-paris","tag-republique-francaise","tag-situation-irreguliere","tag-tentative-de-viol","tag-tunisien"],"share_on_mastodon":{"url":"https:\/\/pubeurope.com\/@fr\/115343614573508319","error":""},"_links":{"self":[{"href":"https:\/\/www.europesays.com\/fr\/wp-json\/wp\/v2\/posts\/449720","targetHints":{"allow":["GET"]}}],"collection":[{"href":"https:\/\/www.europesays.com\/fr\/wp-json\/wp\/v2\/posts"}],"about":[{"href":"https:\/\/www.europesays.com\/fr\/wp-json\/wp\/v2\/types\/post"}],"author":[{"embeddable":true,"href":"https:\/\/www.europesays.com\/fr\/wp-json\/wp\/v2\/users\/2"}],"replies":[{"embeddable":true,"href":"https:\/\/www.europesays.com\/fr\/wp-json\/wp\/v2\/comments?post=449720"}],"version-history":[{"count":0,"href":"https:\/\/www.europesays.com\/fr\/wp-json\/wp\/v2\/posts\/449720\/revisions"}],"wp:featuredmedia":[{"embeddable":true,"href":"https:\/\/www.europesays.com\/fr\/wp-json\/wp\/v2\/media\/449721"}],"wp:attachment":[{"href":"https:\/\/www.europesays.com\/fr\/wp-json\/wp\/v2\/media?parent=449720"}],"wp:term":[{"taxonomy":"category","embeddable":true,"href":"https:\/\/www.europesays.com\/fr\/wp-json\/wp\/v2\/categories?post=449720"},{"taxonomy":"post_tag","embeddable":true,"href":"https:\/\/www.europesays.com\/fr\/wp-json\/wp\/v2\/tags?post=449720"}],"curies":[{"name":"wp","href":"https:\/\/api.w.org\/{rel}","templated":true}]}}