{"id":449770,"date":"2025-10-09T10:24:13","date_gmt":"2025-10-09T10:24:13","guid":{"rendered":"https:\/\/www.europesays.com\/fr\/449770\/"},"modified":"2025-10-09T10:24:13","modified_gmt":"2025-10-09T10:24:13","slug":"mick-jagger-au-bras-de-sa-sublime-compagne-melanie-hamrick-de-44-ans-sa-cadette","status":"publish","type":"post","link":"https:\/\/www.europesays.com\/fr\/449770\/","title":{"rendered":"Mick Jagger au bras de sa sublime compagne Melanie Hamrick, de 44\u00a0ans sa cadette"},"content":{"rendered":"<p>Mick Jagger n\u2019a rien perdu de sa superbe. Solide sur ses appuis, la chevelure en l\u2019air et le sourire aux l\u00e8vres, le chanteur n\u2019essaye pas de cacher sa fiert\u00e9 lorsque son regard se pose sur\u00a0sa compagne, la jolie Melanie Hamrick. Ce mercredi 8\u00a0octobre, le couple est apparu devant le Th\u00e9\u00e2tre David H. Koch pour assister au Gala de la Mode d\u2019Automne. V\u00eatue d\u2019une longue robe rouge sign\u00e9e The Danes et d\u2019une paire d\u2019escarpins Aquazzura, l\u2019ancienne ballerine a illumin\u00e9 le photocall. \u00c0 ses c\u00f4t\u00e9s, le rockeur est arriv\u00e9 \u00e9videmment en noir avec, malgr\u00e9 tout, une chemise mouchet\u00e9e de blanc.<\/p>\n<p>Tactiles, tendres et absolument complices, <a href=\"https:\/\/www.parismatch.com\/bio\/mick-jagger\" target=\"_blank\" rel=\"nofollow noopener\">Mick Jagger<\/a> et Melanie Hamrick ont une nouvelle fois prouv\u00e9 que leur grande diff\u00e9rence d\u2019\u00e2ge n\u2019\u00e9tait qu\u2019un chiffre. Ensemble, ils ont donn\u00e9 naissance \u00e0 un petit gar\u00e7on nomm\u00e9 Deveraux et aujourd\u2019hui \u00e2g\u00e9 de 10\u00a0ans. <a href=\"https:\/\/www.parismatch.com\/people\/mick-jagger-80-ans-soiree-danniversaire-en-boite-de-nuit-avec-famille-et-vip-227757\" target=\"_blank\" rel=\"nofollow noopener\">Il est le huiti\u00e8me enfant de Mick<\/a> (avec cinq femmes diff\u00e9rentes), et n\u2019a pas eu de difficult\u00e9 \u00e0 int\u00e9grer ce grand foyer. En mars dernier, Melanie s\u2019\u00e9tait confi\u00e9e <a href=\"https:\/\/www.parismatch.com\/People\/mick-jagger-et-melanie-hamrick-heureux-parents-du-petit-deveraux-il-veut-etre-une-star-249985\" target=\"_blank\" rel=\"nofollow noopener\">dans les colonnes de Paris Match<\/a> \u00e0 ce sujet\u00a0: \u00ab\u00a0Tout le monde s\u2019entend bien, c\u2019est vraiment g\u00e9nial pour Dev comme pour moi qui viens d\u2019une petite famille. Mick est un p\u00e8re vraiment formidable qui a su faire en sorte que tous ses enfants s\u2019entendent et se retrouvent aussi souvent que possible. Nous \u0153uvrons tous \u00e0 \u00e7a \u00e0 ses c\u00f4t\u00e9s.\u00a0\u00bb<\/p>\n<p>    La suite apr\u00e8s cette publicit\u00e9<\/p>\n<p>Sarah Jessica Parker, Helena Christensen, Olivia Palermo\u2026<\/p>\n<p>D\u2019autres c\u00e9l\u00e9brit\u00e9s se sont pr\u00e9sent\u00e9es \u00e0 cette soir\u00e9e pour assister au spectacle de danse chor\u00e9graphi\u00e9 par\u00a0Alvin Ailey et Jamar Roberts, sur la musique du musicien et producteur Arca. Du c\u00f4t\u00e9 des costumes, c\u2019est l\u2019inimitable cr\u00e9atrice de mode n\u00e9erlandaise Iris van Herpen qui s\u2019en est charg\u00e9e. Comme un clin d\u2019\u0153il, Sarah Jessica Parker s\u2019est d\u2019ailleurs habill\u00e9e d\u2019une robe de sa r\u00e9alisation pour la soir\u00e9e.<\/p>\n","protected":false},"excerpt":{"rendered":"Mick Jagger n\u2019a rien perdu de sa superbe. Solide sur ses appuis, la chevelure en l\u2019air et le&hellip;\n","protected":false},"author":2,"featured_media":449771,"comment_status":"","ping_status":"","sticky":false,"template":"","format":"standard","meta":{"footnotes":""},"categories":[8],"tags":[58,59,1011,27],"class_list":{"0":"post-449770","1":"post","2":"type-post","3":"status-publish","4":"format-standard","5":"has-post-thumbnail","7":"category-divertissement","8":"tag-divertissement","9":"tag-entertainment","10":"tag-fr","11":"tag-france"},"share_on_mastodon":{"url":"https:\/\/pubeurope.com\/@fr\/115343724651425044","error":""},"_links":{"self":[{"href":"https:\/\/www.europesays.com\/fr\/wp-json\/wp\/v2\/posts\/449770","targetHints":{"allow":["GET"]}}],"collection":[{"href":"https:\/\/www.europesays.com\/fr\/wp-json\/wp\/v2\/posts"}],"about":[{"href":"https:\/\/www.europesays.com\/fr\/wp-json\/wp\/v2\/types\/post"}],"author":[{"embeddable":true,"href":"https:\/\/www.europesays.com\/fr\/wp-json\/wp\/v2\/users\/2"}],"replies":[{"embeddable":true,"href":"https:\/\/www.europesays.com\/fr\/wp-json\/wp\/v2\/comments?post=449770"}],"version-history":[{"count":0,"href":"https:\/\/www.europesays.com\/fr\/wp-json\/wp\/v2\/posts\/449770\/revisions"}],"wp:featuredmedia":[{"embeddable":true,"href":"https:\/\/www.europesays.com\/fr\/wp-json\/wp\/v2\/media\/449771"}],"wp:attachment":[{"href":"https:\/\/www.europesays.com\/fr\/wp-json\/wp\/v2\/media?parent=449770"}],"wp:term":[{"taxonomy":"category","embeddable":true,"href":"https:\/\/www.europesays.com\/fr\/wp-json\/wp\/v2\/categories?post=449770"},{"taxonomy":"post_tag","embeddable":true,"href":"https:\/\/www.europesays.com\/fr\/wp-json\/wp\/v2\/tags?post=449770"}],"curies":[{"name":"wp","href":"https:\/\/api.w.org\/{rel}","templated":true}]}}