{"id":449800,"date":"2025-10-09T10:44:14","date_gmt":"2025-10-09T10:44:14","guid":{"rendered":"https:\/\/www.europesays.com\/fr\/449800\/"},"modified":"2025-10-09T10:44:14","modified_gmt":"2025-10-09T10:44:14","slug":"grenoble-la-billetterie-des-27e-rencontres-cine-montagne-ouvre-ce-jeudi","status":"publish","type":"post","link":"https:\/\/www.europesays.com\/fr\/449800\/","title":{"rendered":"Grenoble. La billetterie des 27e Rencontres Cin\u00e9 montagne ouvre ce jeudi"},"content":{"rendered":"<p>Les 27e <a href=\"https:\/\/www.grenoble.fr\/384-rencontres-cine-montagne.htm\" target=\"_blank\" rel=\"noopener\">Rencontres Cin\u00e9 montagne<\/a> auront lieu du 4 au 8\u00a0novembre prochain au Palais des sports de Grenoble. Cette ann\u00e9e, l\u2019\u00e9v\u00e9nement sera marrain\u00e9 par la traileuse Hillary Gerardi, tr\u00e8s engag\u00e9e sur les enjeux de changement climatique en montagne. Le public pourra, comme l\u2019an dernier, rencontrer les invit\u00e9s de cette \u00e9dition chaque soir de projection au Refuge, un espace sp\u00e9cialement d\u00e9di\u00e9. Seront notamment pr\u00e9sents Marion Poitevin, secouriste et guide de haute montagne, premi\u00e8re femme CRS montagne, Nadir Dendoune, journaliste, auteur et documentariste, Vivian Bruchez, premier homme \u00e0 avoir <a href=\"https:\/\/www.ledauphine.com\/societe\/2025\/07\/12\/82-descentes-pour-glorifier-les-alpes-le-chef-d-oeuvre-de-vivian-bruchez\" target=\"_blank\" rel=\"noopener\">descendu \u00e0 ski tous les sommets<\/a> \u00e0 plus de 4\u00a0000 m\u00e8tres des Alpes\u2026<\/p>\n<p>La programmation\ufeff propose une s\u00e9lection autour des transitions environnementale, soci\u00e9tale et d\u00e9mocratique. L\u2019\u00e9v\u00e9nement fait le choix aussi de privil\u00e9gier les r\u00e9cits tourn\u00e9s dans une montagne non m\u00e9canis\u00e9e et non am\u00e9nag\u00e9e, et veut donner une place significative aux femmes. Tous les films projet\u00e9s lors des cinq soir\u00e9es du festival seront sous-titr\u00e9s en fran\u00e7ais.<\/p>\n<p>La billetterie ouvre ce jeudi 9\u00a0octobre \u00e0 midi, en ligne.<\/p>\n<p class=\"note\">Tarifs\u00a0: 9\u00a0\u20ac la soir\u00e9e (r\u00e9duit 5\u00a0\u20ac), 37\u00a0\u20ac le pass cinq jours, 4\u00a0\u20ac pour les moins de 11 ans et 5\u00a0\u20ac pour les moins de 26 ans. Billetterie en ligne sur <a href=\"https:\/\/www.grenoble.fr\/\" target=\"_blank\" rel=\"noopener\">grenoble.fr<\/a> ou \u00e0 la Maison Grenoble Montagne, 14 rue de la R\u00e9publique, \u00e0 Grenoble.<\/p>\n","protected":false},"excerpt":{"rendered":"Les 27e Rencontres Cin\u00e9 montagne auront lieu du 4 au 8\u00a0novembre prochain au Palais des sports de Grenoble.&hellip;\n","protected":false},"author":2,"featured_media":449803,"comment_status":"","ping_status":"","sticky":false,"template":"","format":"standard","meta":{"footnotes":""},"categories":[9566],"tags":[1111,11,2430,650,6211,1687,112,1777,674,1011,27,2731,2732,108,5324,12,5486,25],"class_list":{"0":"post-449800","1":"post","2":"type-post","3":"status-publish","4":"format-standard","5":"has-post-thumbnail","7":"category-grenoble","8":"tag-actu","9":"tag-actualites","10":"tag-auvergne-rhone-alpes","11":"tag-cinema","12":"tag-conference","13":"tag-culture-loisirs","14":"tag-edition-grenoble-agglomeration","15":"tag-eu","16":"tag-europe","17":"tag-fr","18":"tag-france","19":"tag-grenoble","20":"tag-grenoble-bassin","21":"tag-isere","22":"tag-montagne","23":"tag-news","24":"tag-rencontre","25":"tag-republique-francaise"},"share_on_mastodon":{"url":"","error":""},"_links":{"self":[{"href":"https:\/\/www.europesays.com\/fr\/wp-json\/wp\/v2\/posts\/449800","targetHints":{"allow":["GET"]}}],"collection":[{"href":"https:\/\/www.europesays.com\/fr\/wp-json\/wp\/v2\/posts"}],"about":[{"href":"https:\/\/www.europesays.com\/fr\/wp-json\/wp\/v2\/types\/post"}],"author":[{"embeddable":true,"href":"https:\/\/www.europesays.com\/fr\/wp-json\/wp\/v2\/users\/2"}],"replies":[{"embeddable":true,"href":"https:\/\/www.europesays.com\/fr\/wp-json\/wp\/v2\/comments?post=449800"}],"version-history":[{"count":0,"href":"https:\/\/www.europesays.com\/fr\/wp-json\/wp\/v2\/posts\/449800\/revisions"}],"wp:featuredmedia":[{"embeddable":true,"href":"https:\/\/www.europesays.com\/fr\/wp-json\/wp\/v2\/media\/449803"}],"wp:attachment":[{"href":"https:\/\/www.europesays.com\/fr\/wp-json\/wp\/v2\/media?parent=449800"}],"wp:term":[{"taxonomy":"category","embeddable":true,"href":"https:\/\/www.europesays.com\/fr\/wp-json\/wp\/v2\/categories?post=449800"},{"taxonomy":"post_tag","embeddable":true,"href":"https:\/\/www.europesays.com\/fr\/wp-json\/wp\/v2\/tags?post=449800"}],"curies":[{"name":"wp","href":"https:\/\/api.w.org\/{rel}","templated":true}]}}