{"id":449810,"date":"2025-10-09T10:48:11","date_gmt":"2025-10-09T10:48:11","guid":{"rendered":"https:\/\/www.europesays.com\/fr\/449810\/"},"modified":"2025-10-09T10:48:11","modified_gmt":"2025-10-09T10:48:11","slug":"la-chienne-maya-bientot-9-ans-cherche-un-environnement-serein-et-une-famille-ou-sepanouir","status":"publish","type":"post","link":"https:\/\/www.europesays.com\/fr\/449810\/","title":{"rendered":"la chienne Maya, bient\u00f4t 9 ans, cherche un environnement serein et une famille o\u00f9 s\u2019\u00e9panouir"},"content":{"rendered":"<p>N\u00e9e le 7\u00a0novembre 2016, Maya est une american staff (cat 2) qui entre dans l\u2019\u00e2ge senior. Elle est arriv\u00e9e <a href=\"https:\/\/www.dna.fr\/videos\/dans-les-coulisses-de-la-spa-de-strasbourg-308u35q\" target=\"_blank\" rel=\"noopener\">au refuge<\/a> en mars\u00a02025.<\/p>\n<p>Les anciens adoptants ont c\u00e9d\u00e9 la chienne car un accident tragique s\u2019est produit avec l\u2019autre chienne de la famille, de tr\u00e8s petite taille, alors que les deux \u00e9taient en grand bouleversement hormonal.<\/p>\n<p>Au premier abord, Maya peut \u00eatre assez craintive et se montre r\u00e9serv\u00e9e envers les inconnus. Cependant, une fois qu\u2019elle a confiance, elle devient une chienne affectueuse et pleine d\u2019amour. Elle adore courir et jouer \u00e0 la balle. Sa personnalit\u00e9 brille lorsqu\u2019elle est entour\u00e9e de personnes compr\u00e9hensives qui prennent le temps de la conna\u00eetre et de lui offrir un cadre rassurant.<\/p>\n<p>Ce contenu est bloqu\u00e9 car vous n&rsquo;avez pas accept\u00e9 les cookies et autres traceurs.<\/p>\n<p>En cliquant sur \u00ab J\u2019accepte \u00bb, les cookies et autres traceurs seront d\u00e9pos\u00e9s et vous pourrez visualiser les contenus  (<a href=\"\" class=\"consentModule_policy\" target=\"_blank\" title=\"Consulter la politique de protection des donn\u00e9es du fournisseur\">plus d&rsquo;informations<\/a>).<\/p>\n<p>En cliquant sur \u00ab J\u2019accepte tous les cookies \u00bb, vous autorisez des d\u00e9p\u00f4ts de cookies et autres traceurs pour le stockage de vos donn\u00e9es sur nos sites et applications \u00e0 des fins de personnalisation et de ciblage publicitaire.<\/p>\n<p class=\"consentModule_secondaryText\">Vous gardez la possibilit\u00e9 de retirer votre consentement \u00e0 tout moment en consultant notre <a href=\"https:\/\/www.dna.fr\/protection-des-donnees\" target=\"_blank\" title=\"Consulter notre politique de protection des donn\u00e9es\" rel=\"noopener\">politique de protection des donn\u00e9es<\/a>. <br \/>&#13;<br \/>\n            <a href=\"https:\/\/www.dna.fr\/societe\/2025\/10\/09\/javascript:Didomi.notice.show()\" class=\"consentModule_cmp\" target=\"_blank\" rel=\"noopener\">G\u00e9rer mes choix<\/a>&#13;\n        <\/p>\n<p>&#13;<br \/>\n                        J&rsquo;accepte&#13;<br \/>\n            J&rsquo;accepte tous les cookies&#13;\n        <\/p>\n<p>Maya ne s\u2019entend pas avec tous ses cong\u00e9n\u00e8res, les tests seront faits au cas par cas. Elle ne sera pas plac\u00e9e avec un petit chien. Les ententes avec les autres animaux semblent compliqu\u00e9es.<\/p>\n<p>  Besoin d\u2019une famille patiente<\/p>\n<p>Maya aura besoin d\u2019une famille patiente, calme et pr\u00eate \u00e0 lui accorder le temps n\u00e9cessaire pour \u00e9tablir une relation de confiance. Elle aurait besoin de vivre dans un environnement serein, o\u00f9 elle peut se sentir en s\u00e9curit\u00e9 et \u00e9panouie. Il est important de prendre en compte qu\u2019elle a un l\u00e9ger souffle au c\u0153ur\u00a0: les balades devront donc \u00eatre adapt\u00e9es. Permis de d\u00e9tention obligatoire.<\/p>\n<p>Si vous \u00eates int\u00e9ress\u00e9s, contactez la SPA de Strasbourg, 7 rue de l\u2019Entenloch \u00e0 Strasbourg-Cronenbourg, 03\u00a088\u00a034\u00a067\u00a067\u00a0; accueil@spa-strasbourg.org\u00a0; chenil@spa-strasbourg.org<\/p>\n<p class=\"note\">www.spa-strasbourg.org<\/p>\n","protected":false},"excerpt":{"rendered":"N\u00e9e le 7\u00a0novembre 2016, Maya est une american staff (cat 2) qui entre dans l\u2019\u00e2ge senior. Elle est&hellip;\n","protected":false},"author":2,"featured_media":449811,"comment_status":"","ping_status":"","sticky":false,"template":"","format":"standard","meta":{"footnotes":""},"categories":[2820],"tags":[1111,11,1867,2880,1777,674,107,1011,27,775,12,25,104,640,2879],"class_list":{"0":"post-449810","1":"post","2":"type-post","3":"status-publish","4":"format-standard","5":"has-post-thumbnail","7":"category-strasbourg","8":"tag-actu","9":"tag-actualites","10":"tag-animaux","11":"tag-edition-strasbourg","12":"tag-eu","13":"tag-europe","14":"tag-fil-info","15":"tag-fr","16":"tag-france","17":"tag-grand-est","18":"tag-news","19":"tag-republique-francaise","20":"tag-societe","21":"tag-strasbourg","22":"tag-strasbourg-ville"},"share_on_mastodon":{"url":"https:\/\/pubeurope.com\/@fr\/115343819138772647","error":""},"_links":{"self":[{"href":"https:\/\/www.europesays.com\/fr\/wp-json\/wp\/v2\/posts\/449810","targetHints":{"allow":["GET"]}}],"collection":[{"href":"https:\/\/www.europesays.com\/fr\/wp-json\/wp\/v2\/posts"}],"about":[{"href":"https:\/\/www.europesays.com\/fr\/wp-json\/wp\/v2\/types\/post"}],"author":[{"embeddable":true,"href":"https:\/\/www.europesays.com\/fr\/wp-json\/wp\/v2\/users\/2"}],"replies":[{"embeddable":true,"href":"https:\/\/www.europesays.com\/fr\/wp-json\/wp\/v2\/comments?post=449810"}],"version-history":[{"count":0,"href":"https:\/\/www.europesays.com\/fr\/wp-json\/wp\/v2\/posts\/449810\/revisions"}],"wp:featuredmedia":[{"embeddable":true,"href":"https:\/\/www.europesays.com\/fr\/wp-json\/wp\/v2\/media\/449811"}],"wp:attachment":[{"href":"https:\/\/www.europesays.com\/fr\/wp-json\/wp\/v2\/media?parent=449810"}],"wp:term":[{"taxonomy":"category","embeddable":true,"href":"https:\/\/www.europesays.com\/fr\/wp-json\/wp\/v2\/categories?post=449810"},{"taxonomy":"post_tag","embeddable":true,"href":"https:\/\/www.europesays.com\/fr\/wp-json\/wp\/v2\/tags?post=449810"}],"curies":[{"name":"wp","href":"https:\/\/api.w.org\/{rel}","templated":true}]}}