{"id":449812,"date":"2025-10-09T10:49:12","date_gmt":"2025-10-09T10:49:12","guid":{"rendered":"https:\/\/www.europesays.com\/fr\/449812\/"},"modified":"2025-10-09T10:49:12","modified_gmt":"2025-10-09T10:49:12","slug":"la-conference-de-lancien-ambassadeur-de-france-en-israel-eric-danon-annulee","status":"publish","type":"post","link":"https:\/\/www.europesays.com\/fr\/449812\/","title":{"rendered":"la conf\u00e9rence de l\u2019ancien ambassadeur\u00a0de France en Isra\u00ebl Eric Danon annul\u00e9e"},"content":{"rendered":"<p>Pr\u00e9vue ce jeudi \u00e0 16 h 15 <a href=\"https:\/\/www.dna.fr\/education\/2025\/10\/06\/a-sciences-po-strasbourg-le-forum-pour-la-paix-s-annonce-tumultueux\" target=\"_blank\" rel=\"noopener\">dans le cadre d\u2019un \u00ab Forum pour la paix \u00bb initi\u00e9 par la direction de Sciences Po Strasbourg<\/a>, la conf\u00e9rence de l\u2019ancien ambassadeur de France en Isra\u00ebl Eric Danon n\u2019aura pas lieu. \u00ab\u00a0L\u2019\u00e9quipe de direction regrette profond\u00e9ment la non-venue de l\u2019intervenant dont elle prend acte\u00a0\u00bb, fait-elle savoir ce jeudi matin dans un communiqu\u00e9 \u00e9voquant \u00ab un contexte de tensions et de d\u00e9sinformation sur les r\u00e9seaux sociaux, marqu\u00e9 par la diffusion de discours diffamants \u00e0 l\u2019encontre d\u2019Eric Danon \u00bb.<\/p>\n<p>\u00ab Ces conditions aggrav\u00e9es <a href=\"https:\/\/www.dna.fr\/education\/2025\/10\/08\/des-tags-a-la-gloire-du-hamas-a-sciences-po-dans-un-climat-persistant-de-tension-autour-de-la-guerre-a-gaza\" target=\"_blank\" rel=\"noopener\">par les tags extr\u00e9mistes commis dans la nuit du 7 au 8 octobre<\/a> ne permettent pas aujourd\u2019hui de garantir le climat de s\u00e9r\u00e9nit\u00e9, de respect et de dialogue indispensable \u00e0 un \u00e9change acad\u00e9mique de qualit\u00e9 \u00bb, poursuit la direction qui entend n\u00e9anmoins reprogrammer cette conf\u00e9rence, afin \u00ab pr\u00e9cis\u00e9ment de cultiver le pluralisme des id\u00e9es, l\u2019esprit critique, la mesure et la compr\u00e9hension mutuelle dans un monde travers\u00e9 par les divisions \u00bb.<\/p>\n","protected":false},"excerpt":{"rendered":"Pr\u00e9vue ce jeudi \u00e0 16 h 15 dans le cadre d\u2019un \u00ab Forum pour la paix \u00bb initi\u00e9&hellip;\n","protected":false},"author":2,"featured_media":449813,"comment_status":"","ping_status":"","sticky":false,"template":"","format":"standard","meta":{"footnotes":""},"categories":[2820],"tags":[1111,11,2880,1057,4854,1777,674,107,1011,27,775,12,25,640],"class_list":{"0":"post-449812","1":"post","2":"type-post","3":"status-publish","4":"format-standard","5":"has-post-thumbnail","7":"category-strasbourg","8":"tag-actu","9":"tag-actualites","10":"tag-edition-strasbourg","11":"tag-education","12":"tag-enseignement-superieur","13":"tag-eu","14":"tag-europe","15":"tag-fil-info","16":"tag-fr","17":"tag-france","18":"tag-grand-est","19":"tag-news","20":"tag-republique-francaise","21":"tag-strasbourg"},"share_on_mastodon":{"url":"https:\/\/pubeurope.com\/@fr\/115343822978474042","error":""},"_links":{"self":[{"href":"https:\/\/www.europesays.com\/fr\/wp-json\/wp\/v2\/posts\/449812","targetHints":{"allow":["GET"]}}],"collection":[{"href":"https:\/\/www.europesays.com\/fr\/wp-json\/wp\/v2\/posts"}],"about":[{"href":"https:\/\/www.europesays.com\/fr\/wp-json\/wp\/v2\/types\/post"}],"author":[{"embeddable":true,"href":"https:\/\/www.europesays.com\/fr\/wp-json\/wp\/v2\/users\/2"}],"replies":[{"embeddable":true,"href":"https:\/\/www.europesays.com\/fr\/wp-json\/wp\/v2\/comments?post=449812"}],"version-history":[{"count":0,"href":"https:\/\/www.europesays.com\/fr\/wp-json\/wp\/v2\/posts\/449812\/revisions"}],"wp:featuredmedia":[{"embeddable":true,"href":"https:\/\/www.europesays.com\/fr\/wp-json\/wp\/v2\/media\/449813"}],"wp:attachment":[{"href":"https:\/\/www.europesays.com\/fr\/wp-json\/wp\/v2\/media?parent=449812"}],"wp:term":[{"taxonomy":"category","embeddable":true,"href":"https:\/\/www.europesays.com\/fr\/wp-json\/wp\/v2\/categories?post=449812"},{"taxonomy":"post_tag","embeddable":true,"href":"https:\/\/www.europesays.com\/fr\/wp-json\/wp\/v2\/tags?post=449812"}],"curies":[{"name":"wp","href":"https:\/\/api.w.org\/{rel}","templated":true}]}}