{"id":449816,"date":"2025-10-09T10:51:10","date_gmt":"2025-10-09T10:51:10","guid":{"rendered":"https:\/\/www.europesays.com\/fr\/449816\/"},"modified":"2025-10-09T10:51:10","modified_gmt":"2025-10-09T10:51:10","slug":"il-est-brule-de-partout-un-chien-traine-sur-plusieurs-metres-coince-par-la-porte-du-tramway","status":"publish","type":"post","link":"https:\/\/www.europesays.com\/fr\/449816\/","title":{"rendered":"\u00ab\u00a0Il est br\u00fbl\u00e9 de partout\u00a0\u00bb\u2026 Un chien tra\u00een\u00e9 sur plusieurs m\u00e8tres, coinc\u00e9 par la porte du tramway"},"content":{"rendered":"<p> \u00abC\u2019est un miracul\u00e9\u00a0\u00bb. Dimanche dernier, un petit <a href=\"https:\/\/www.20minutes.fr\/dossier\/chien\" class=\"c-link c-link--is-underlined\" target=\"_blank\" rel=\"noopener\">chien<\/a>, un shih tzu \u00e2g\u00e9 de 10 ans, a \u00e9t\u00e9 br\u00fbl\u00e9 au 3e degr\u00e9 et tra\u00een\u00e9 sur plusieurs m\u00e8tres entre deux stations de <a href=\"https:\/\/www.20minutes.fr\/dossier\/tram\" class=\"c-link c-link--is-underlined\" target=\"_blank\" rel=\"noopener\">tram<\/a>way \u00e0 <a href=\"https:\/\/www.20minutes.fr\/nice\/\" class=\"c-link c-link--is-underlined\" target=\"_blank\" rel=\"noopener\">Nice<\/a>, rapporte <a href=\"https:\/\/www.nicematin.com\/societe\/animaux\/brule-au-3e-degre-et-boitant-un-chien-traine-sur-plusieurs-metres-par-une-rame-de-tramway-a-nice-s-en-sort-miraculeusement-10651706\" rel=\"nofollow noopener\" target=\"_blank\" class=\"c-link c-link--is-underlined\">Nice-Matin<\/a>, qui a interview\u00e9 Claude, son propri\u00e9taire.<\/p>\n<p>Ce dernier raconte \u00eatre mont\u00e9 \u00e0 l\u2019arr\u00eat Le Ray pour prendre la ligne 1 avec sa femme et son animal de compagnie qui les suit partout. Alors qu\u2019il \u00e9tait en train d\u2019aider sa compagne \u00e0 monter dans le tram, \u00ab\u00a0les portes se sont renferm\u00e9es sur [ses] fesses\u00a0\u00bb. \u00ab\u00a0Mon chien est rest\u00e9 sur le quai\u00a0\u00bb, dit-il, pr\u00e9cisant qu\u2019il le tenait en laisse. Puis, le tramway a red\u00e9marr\u00e9.<\/p>\n<\/p>\n<p>Le propri\u00e9taire du shih tzu a alors tir\u00e9 le signal d\u2019alarme. Mais l\u2019engin a continu\u00e9 sa course. Une passag\u00e8re a r\u00e9p\u00e9t\u00e9 l\u2019action. Sans succ\u00e8s. M\u00eame constat lorsque des gens \u00ab\u00a0tapaient \u00e0 la vitre de la cabine\u00a0\u00bb de la conductrice. \u00ab\u00a0Le tram ne s\u2019est jamais arr\u00eat\u00e9\u00a0\u00bb, lance Claude aupr\u00e8s du journal local.<\/p>\n<p>Une enqu\u00eate ouverte<\/p>\n<p>D\u2019apr\u00e8s les informations du m\u00e9dia, le chien a d\u2019abord essay\u00e9 de suivre en courant avant de se laisser tra\u00eener sur le macadam jusqu\u2019au prochain arr\u00eat. \u00ab\u00a0J\u2019ai retrouv\u00e9 mon chien h\u00e9b\u00e9t\u00e9 et en sang. Je n\u2019ose m\u00eame pas imaginer ce qu\u2019il a d\u00fb souffrir\u00a0\u00bb, t\u00e9moigne Claude. D\u2019apr\u00e8s le v\u00e9t\u00e9rinaire qui l\u2019a pris en charge, le petit chien a \u00e9t\u00e9 \u00ab\u00a0br\u00fbl\u00e9 au 3e degr\u00e9\u00a0\u00bb, sa peau est \u00ab\u00a0n\u00e9cros\u00e9e \u00e0 plusieurs endroits et va tomber\u00a0\u00bb et il a \u00ab\u00a0un probl\u00e8me sur une patte arri\u00e8re qu\u2019il ne pose plus car sa hanche a \u00e9t\u00e9 ab\u00eem\u00e9e\u00a0\u00bb.<\/p>\n<p>Une enqu\u00eate interne a \u00e9t\u00e9 ouverte et la conductrice a \u00e9t\u00e9 suspendue \u00ab\u00a0\u00e0 titre conservatoire\u00a0\u00bb. Mais Ga\u00ebl Nofri, pr\u00e9sident de la r\u00e9gie Ligne d\u2019Azur, pr\u00e9cise que les propri\u00e9taires \u00e9taient \u00ab\u00a0en infraction\u00a0\u00bb.<\/p>\n<p><a href=\"https:\/\/www.20minutes.fr\/nice\/\" class=\"c-link c-btn c-btn--primary\" target=\"_blank\" rel=\"noopener\">Notre dossier sur Nice<\/a><\/p>\n<p>Le r\u00e8glement indique qu\u2019il est interdit de monter \u00e0 bord d\u2019un tramway ou d\u2019un bus sauf pour les \u00ab\u00a0animaux domestiques de petite taille, convenablement enferm\u00e9s dans des sacs ou paniers\u00a0\u00bb, \u00ab\u00a0les chiens guides d\u2019aveugles ou malentendants\u00a0\u00bb et \u00ab\u00a0les chiens de plus grande taille, musel\u00e9s et tenus en laisse\u00a0\u00bb, rappelle Nice-Matin.<\/p>\n","protected":false},"excerpt":{"rendered":"\u00abC\u2019est un miracul\u00e9\u00a0\u00bb. Dimanche dernier, un petit chien, un shih tzu \u00e2g\u00e9 de 10 ans, a \u00e9t\u00e9 br\u00fbl\u00e9&hellip;\n","protected":false},"author":2,"featured_media":449817,"comment_status":"","ping_status":"","sticky":false,"template":"","format":"standard","meta":{"footnotes":""},"categories":[2819],"tags":[1111,47,11,2898,1867,4850,1777,674,118,1011,27,12,2401,883,882,25,2221,2803,2216],"class_list":{"0":"post-449816","1":"post","2":"type-post","3":"status-publish","4":"format-standard","5":"has-post-thumbnail","7":"category-nice","8":"tag-actu","9":"tag-actualite","10":"tag-actualites","11":"tag-alpes-maritimes","12":"tag-animaux","13":"tag-chien","14":"tag-eu","15":"tag-europe","16":"tag-faits-divers","17":"tag-fr","18":"tag-france","19":"tag-news","20":"tag-nice","21":"tag-paca","22":"tag-provence-alpes-cote-dazur","23":"tag-republique-francaise","24":"tag-tram","25":"tag-transport","26":"tag-transports-en-commun"},"share_on_mastodon":{"url":"https:\/\/pubeurope.com\/@fr\/115343830822668695","error":""},"_links":{"self":[{"href":"https:\/\/www.europesays.com\/fr\/wp-json\/wp\/v2\/posts\/449816","targetHints":{"allow":["GET"]}}],"collection":[{"href":"https:\/\/www.europesays.com\/fr\/wp-json\/wp\/v2\/posts"}],"about":[{"href":"https:\/\/www.europesays.com\/fr\/wp-json\/wp\/v2\/types\/post"}],"author":[{"embeddable":true,"href":"https:\/\/www.europesays.com\/fr\/wp-json\/wp\/v2\/users\/2"}],"replies":[{"embeddable":true,"href":"https:\/\/www.europesays.com\/fr\/wp-json\/wp\/v2\/comments?post=449816"}],"version-history":[{"count":0,"href":"https:\/\/www.europesays.com\/fr\/wp-json\/wp\/v2\/posts\/449816\/revisions"}],"wp:featuredmedia":[{"embeddable":true,"href":"https:\/\/www.europesays.com\/fr\/wp-json\/wp\/v2\/media\/449817"}],"wp:attachment":[{"href":"https:\/\/www.europesays.com\/fr\/wp-json\/wp\/v2\/media?parent=449816"}],"wp:term":[{"taxonomy":"category","embeddable":true,"href":"https:\/\/www.europesays.com\/fr\/wp-json\/wp\/v2\/categories?post=449816"},{"taxonomy":"post_tag","embeddable":true,"href":"https:\/\/www.europesays.com\/fr\/wp-json\/wp\/v2\/tags?post=449816"}],"curies":[{"name":"wp","href":"https:\/\/api.w.org\/{rel}","templated":true}]}}