{"id":449829,"date":"2025-10-09T10:58:09","date_gmt":"2025-10-09T10:58:09","guid":{"rendered":"https:\/\/www.europesays.com\/fr\/449829\/"},"modified":"2025-10-09T10:58:09","modified_gmt":"2025-10-09T10:58:09","slug":"voici-comment-elle-la-retrouve-a-roubaix","status":"publish","type":"post","link":"https:\/\/www.europesays.com\/fr\/449829\/","title":{"rendered":"voici comment elle l&rsquo;a retrouv\u00e9 \u00e0 Roubaix"},"content":{"rendered":"<p>            Par<br \/>\n        <strong><br \/>\n            <a href=\"https:\/\/actu.fr\/auteur\/margot-nicodeme\" title=\"Consulter tous les articles de Margot Nicod\u00e8me\" target=\"_blank\" rel=\"noopener\">Margot Nicod\u00e8me<\/a><br \/>\n        <\/strong><\/p>\n<p>        Publi\u00e9 le<\/p>\n<p>            9 oct. 2025 \u00e0 12h19        <\/p>\n<p>Les <a href=\"https:\/\/actu.fr\/hauts-de-france\/lille_59350\/lille-sud-prison-ferme-pour-le-jeune-homme-qui-a-violente-des-policiers-de-la-bac-sur-un-point-de-deal_63175116.html\" target=\"_blank\" rel=\"noopener\"><b>policiers de la BAC<\/b><\/a> ont \u00e9t\u00e9 sollicit\u00e9s l\u2019apr\u00e8s-midi du mercredi 8 octobre 2025, pour <b>le vol d\u2019un sac <\/b>en <a href=\"https:\/\/actu.fr\/tag\/gare-lille-flandres\" target=\"_blank\" rel=\"noopener\">gare Lille-Flandres<\/a>. Ils se sont mis en qu\u00eate de l\u2019objet subtilis\u00e9, et ont \u00e9t\u00e9 pour ainsi dire tr\u00e8s aid\u00e9s par la technologie\u2026 Le propri\u00e9taire du sac ayant pris une pr\u00e9caution qui s\u2019est av\u00e9r\u00e9e tr\u00e8s utile.<\/p>\n<p>Le voleur du sac \u00e0 la gare Lille-Flandres ne savait pas qu\u2019il \u00e9tait pist\u00e9 : il est interpell\u00e9 \u00e0 Roubaix<\/p>\n<p class=\" wall-content\">En effet, ce que le voleur ne savait pas, c\u2019est qu\u2019il \u00e9tait pist\u00e9\u2026 tant qu\u2019il gardait avec lui ledit sac. \u00c0 l\u2019int\u00e9rieur en effet, se trouvait un <b>AirTag<\/b>, un dispositif qui <a href=\"https:\/\/actu.fr\/hauts-de-france\/lille_59350\/de-la-grandplace-a-lille-sud-le-voleur-de-trottinette-piste-et-retrouve-grace-au-traceur_62261926.html\" target=\"_blank\" rel=\"noopener\">renvoie en temps r\u00e9el sa localisation<\/a> sur l\u2019<a href=\"https:\/\/actu.fr\/tag\/apple\" target=\"_blank\" rel=\"noopener\">iPhone<\/a> du propri\u00e9taire. Le signal s\u2019\u00e9met finalement depuis <a href=\"https:\/\/actu.fr\/hauts-de-france\/roubaix_59512\" target=\"_blank\" rel=\"noopener\">Roubaix<\/a>.<\/p>\n<p class=\" wall-content\">Les policiers et la victime se rendent <b>rue du Vivier<\/b>, \u00e0 deux pas de la rue <a href=\"https:\/\/actu.fr\/hauts-de-france\/roubaix_59512\/2-6-renovation-urbaine-a-lepeule-faire-un-quartier-jardin-avec-une-nouvelle-dynamique-commerciale_63071139.html\" target=\"_blank\" rel=\"noopener\">de l\u2019Epeule<\/a>. L\u00e0 ils trouvent quatre individus autour du fameux sac, qu\u2019ils contr\u00f4lent un par un. La victime reconna\u00eet formellement dans le groupe l\u2019auteur du vol : il s\u2019agit d\u2019<b>un homme de 33 ans<\/b>.\u00a0<\/p>\n<p class=\" wall-content\">Il a \u00e9t\u00e9 interpell\u00e9 et plac\u00e9 en garde \u00e0 vue.<\/p>\n<p class=\" wall-content\">Personnalisez votre actualit\u00e9 en ajoutant vos villes et m\u00e9dias en favori avec <a href=\"https:\/\/moncompte.actu.fr\" title=\"D\u00e9couvez Mon Actu\" rel=\"nofollow noopener\" data-trk=\"{&quot;cta&quot;:{&quot;action&quot;:&quot;https:\\\/\\\/moncompte.actu.fr&quot;,&quot;category&quot;:&quot;mon compte&quot;,&quot;from&quot;:&quot;article footer&quot;,&quot;name&quot;:&quot;Mon actu&quot;,&quot;type&quot;:&quot;cta&quot;}}\" target=\"_blank\">Mon Actu<\/a>.<\/p>\n","protected":false},"excerpt":{"rendered":"Par Margot Nicod\u00e8me Publi\u00e9 le 9 oct. 2025 \u00e0 12h19 Les policiers de la BAC ont \u00e9t\u00e9 sollicit\u00e9s&hellip;\n","protected":false},"author":2,"featured_media":449830,"comment_status":"","ping_status":"","sticky":false,"template":"","format":"standard","meta":{"footnotes":""},"categories":[2815],"tags":[1111,11,1777,674,118,1011,27,4841,811,1307,12,1072,25],"class_list":{"0":"post-449829","1":"post","2":"type-post","3":"status-publish","4":"format-standard","5":"has-post-thumbnail","7":"category-lille","8":"tag-actu","9":"tag-actualites","10":"tag-eu","11":"tag-europe","12":"tag-faits-divers","13":"tag-fr","14":"tag-france","15":"tag-gare-lille-flandres","16":"tag-hauts-de-france","17":"tag-lille","18":"tag-news","19":"tag-police","20":"tag-republique-francaise"},"share_on_mastodon":{"url":"https:\/\/pubeurope.com\/@fr\/115343858449298923","error":""},"_links":{"self":[{"href":"https:\/\/www.europesays.com\/fr\/wp-json\/wp\/v2\/posts\/449829","targetHints":{"allow":["GET"]}}],"collection":[{"href":"https:\/\/www.europesays.com\/fr\/wp-json\/wp\/v2\/posts"}],"about":[{"href":"https:\/\/www.europesays.com\/fr\/wp-json\/wp\/v2\/types\/post"}],"author":[{"embeddable":true,"href":"https:\/\/www.europesays.com\/fr\/wp-json\/wp\/v2\/users\/2"}],"replies":[{"embeddable":true,"href":"https:\/\/www.europesays.com\/fr\/wp-json\/wp\/v2\/comments?post=449829"}],"version-history":[{"count":0,"href":"https:\/\/www.europesays.com\/fr\/wp-json\/wp\/v2\/posts\/449829\/revisions"}],"wp:featuredmedia":[{"embeddable":true,"href":"https:\/\/www.europesays.com\/fr\/wp-json\/wp\/v2\/media\/449830"}],"wp:attachment":[{"href":"https:\/\/www.europesays.com\/fr\/wp-json\/wp\/v2\/media?parent=449829"}],"wp:term":[{"taxonomy":"category","embeddable":true,"href":"https:\/\/www.europesays.com\/fr\/wp-json\/wp\/v2\/categories?post=449829"},{"taxonomy":"post_tag","embeddable":true,"href":"https:\/\/www.europesays.com\/fr\/wp-json\/wp\/v2\/tags?post=449829"}],"curies":[{"name":"wp","href":"https:\/\/api.w.org\/{rel}","templated":true}]}}