{"id":449842,"date":"2025-10-09T11:07:10","date_gmt":"2025-10-09T11:07:10","guid":{"rendered":"https:\/\/www.europesays.com\/fr\/449842\/"},"modified":"2025-10-09T11:07:10","modified_gmt":"2025-10-09T11:07:10","slug":"apres-leur-avenement-guillaume-v-et-stephanie-de-luxembourg-se-devoilent-en-peinture","status":"publish","type":"post","link":"https:\/\/www.europesays.com\/fr\/449842\/","title":{"rendered":"Apr\u00e8s leur av\u00e8nement, Guillaume V et St\u00e9phanie de Luxembourg se d\u00e9voilent en peinture"},"content":{"rendered":"<p class=\"intro\">Devenus officiellement grand-duc et grande-duchesse du Luxembourg, Guillaume V et son \u00e9pouse St\u00e9phanie ont eu droit \u00e0 leurs portraits peints dont ils ont d\u00e9voil\u00e9 les coulisses de fabrication ce jeudi, sur Instagram.<\/p>\n<p>Depuis le 3\u00a0octobre, le Luxembourg a un nouveau chef d\u2019\u00c9tat \u00e0 sa t\u00eate. Apr\u00e8s 25\u00a0ans de r\u00e8gne, <a href=\"https:\/\/www.parismatch.com\/Royal-Blog\/lemotion-dhenri-les-grimaces-de-charles-le-bonheur-de-guillaume-et-stephanie-revivez-labdication-en-images-258064\" rel=\"nofollow noopener\" target=\"_blank\">le grand-duc Henri a abdiqu\u00e9<\/a> au profit de son fils a\u00een\u00e9, Guillaume, devenu Guillaume V. Une transition qui s\u2019est faite en douceur, le souverain ayant commenc\u00e9 \u00e0 <a href=\"https:\/\/www.parismatch.com\/royal-blog\/le-grand-duc-de-luxembourg-passe-officiellement-la-main-son-fils-guillaume-242433\" rel=\"nofollow noopener\" target=\"_blank\">d\u00e9l\u00e9guer une partie de ses responsabilit\u00e9s<\/a> au prince d\u00e8s le mois d\u2019octobre\u00a02024 via la lieutenance, un statut pouvant \u00eatre assimil\u00e9 \u00e0 une r\u00e9gence partielle.<\/p>\n<p>L\u2019abdication avait ensuite \u00e9t\u00e9 annonc\u00e9e dans la foul\u00e9e,<a href=\"https:\/\/www.parismatch.com\/royal-blog\/le-grand-duc-henri-de-luxembourg-annonce-la-date-de-son-abdication-245133\" rel=\"nofollow noopener\" target=\"_blank\"> lors du discours de No\u00ebl<\/a>, laissant ainsi le temps \u00e0 Guillaume et \u00e0 son \u00e9pouse St\u00e9phanie de se pr\u00e9parer \u00e0 devenir grand-duc et grande-duchesse. Avant m\u00eame de monter sur le tr\u00f4ne, <a href=\"https:\/\/www.parismatch.com\/Royal-Blog\/la-famille-grand-ducale-reunie-au-balcon-pour-feter-guillaume-de-luxembourg-charles-et-francois-en-vedettes-258033\" rel=\"nofollow noopener\" target=\"_blank\">les parents des adorables Charles et Fran\u00e7ois<\/a> ont ainsi pu d\u00e9voiler <a href=\"https:\/\/www.parismatch.com\/Royal-Blog\/avant-son-accession-au-trone-guillaume-de-luxembourg-devoile-son-nouveau-monogramme-253583\" rel=\"nofollow noopener\" target=\"_blank\">leur monogramme<\/a> ainsi que <a href=\"https:\/\/www.parismatch.com\/Royal-Blog\/guillaume-de-luxembourg-futur-grand-duc-il-devoile-son-portrait-officiel-aux-cotes-de-stephanie-256044\" rel=\"nofollow noopener\" target=\"_blank\">leurs portraits officiels<\/a>.<\/p>\n<p>    La suite apr\u00e8s cette publicit\u00e9<\/p>\n<p>\u00c0 la veille de l\u2019abdication, de nouvelles images, cette fois-ci peintes par les artistes\u00a0Roland Schauls et\u00a0Louise Pragnell, ont \u00e9t\u00e9 rendues publiques. Le nouveau grand-duc a pris la pose en uniforme au palais grand-ducale, se pr\u00eatant au jeu pour l\u2019artiste luxembourgeois Roland Schauls ainsi que pour la portraitiste britannique\u00a0Louise Pragnell qui a \u00e9galement r\u00e9alis\u00e9 le tableau repr\u00e9sentant la nouvelle grande-duchesse.<\/p>\n<p>    La suite apr\u00e8s cette publicit\u00e9<\/p>\n<p>Les coulisses des peintures d\u00e9voil\u00e9es<\/p>\n<p>Une vid\u00e9o publi\u00e9e ce 9\u00a0octobre permet de d\u00e9couvrir les coulisses des s\u00e9ances de peinture o\u00f9 rien n\u2019a \u00e9t\u00e9 laiss\u00e9 au hasard, de l\u2019ajustement de l\u2019uniforme au placement des boutons autour du ruban. On y voit \u00e9galement Louise Pragnell travailler \u00e0 son chevalet, jouant aussi bien des pinceaux que de l\u2019appareil photo.<\/p>\n<p>Les images permettent ensuite de d\u00e9couvrir St\u00e9phanie en train de poser dans sa grande robe bleue et par\u00e9e de la tiare belge qu\u2019elle portait alors pour la premi\u00e8re fois, ce bijou \u00e9tant r\u00e9serv\u00e9 aux grandes-duchesses. \u00c9pouse de souverain depuis moins d\u2019une semaine, l\u2019ancienne princesse semble d\u00e9j\u00e0 particuli\u00e8rement attach\u00e9e \u00e0 cet accessoire qu\u2019elle a \u00e9galement port\u00e9 <a href=\"https:\/\/www.parismatch.com\/Royal-Blog\/elisabeth-de-belgique-et-catharina-amalia-futures-reines-etincelantes-au-luxembourg-258066\" rel=\"nofollow noopener\" target=\"_blank\">lors du gala d\u2019intronisation<\/a> et qui lui permet de faire un clin d\u2019\u0153il \u00e0 ses origines, elle qui est n\u00e9e et a grandi en Belgique.<\/p>\n<p>    La suite apr\u00e8s cette publicit\u00e9<\/p>\n<p>    La suite apr\u00e8s cette publicit\u00e9<\/p>\n<p>La vid\u00e9o se conclut sur les portraits officiellement encadr\u00e9s et accroch\u00e9s bien qu\u2019ils ne soient pas encore visibles par le grand public. Il faudra en effet attendre janvier\u00a02026 pour que les tableaux soient officiellement pr\u00e9sent\u00e9s au Mus\u00e9e national d\u2019arch\u00e9ologie, d\u2019histoire et d\u2019art de Luxembourg.<\/p>\n","protected":false},"excerpt":{"rendered":"Devenus officiellement grand-duc et grande-duchesse du Luxembourg, Guillaume V et son \u00e9pouse St\u00e9phanie ont eu droit \u00e0 leurs&hellip;\n","protected":false},"author":2,"featured_media":449843,"comment_status":"","ping_status":"","sticky":false,"template":"","format":"standard","meta":{"footnotes":""},"categories":[1888],"tags":[1111,1928,11,1927,1777,674,1011,27,12,1926,626,1925,25],"class_list":{"0":"post-449842","1":"post","2":"type-post","3":"status-publish","4":"format-standard","5":"has-post-thumbnail","7":"category-paris","8":"tag-actu","9":"tag-actu-paris","10":"tag-actualites","11":"tag-actualites-paris","12":"tag-eu","13":"tag-europe","14":"tag-fr","15":"tag-france","16":"tag-news","17":"tag-news-paris","18":"tag-paris","19":"tag-paris-news","20":"tag-republique-francaise"},"share_on_mastodon":{"url":"https:\/\/pubeurope.com\/@fr\/115343893716548883","error":""},"_links":{"self":[{"href":"https:\/\/www.europesays.com\/fr\/wp-json\/wp\/v2\/posts\/449842","targetHints":{"allow":["GET"]}}],"collection":[{"href":"https:\/\/www.europesays.com\/fr\/wp-json\/wp\/v2\/posts"}],"about":[{"href":"https:\/\/www.europesays.com\/fr\/wp-json\/wp\/v2\/types\/post"}],"author":[{"embeddable":true,"href":"https:\/\/www.europesays.com\/fr\/wp-json\/wp\/v2\/users\/2"}],"replies":[{"embeddable":true,"href":"https:\/\/www.europesays.com\/fr\/wp-json\/wp\/v2\/comments?post=449842"}],"version-history":[{"count":0,"href":"https:\/\/www.europesays.com\/fr\/wp-json\/wp\/v2\/posts\/449842\/revisions"}],"wp:featuredmedia":[{"embeddable":true,"href":"https:\/\/www.europesays.com\/fr\/wp-json\/wp\/v2\/media\/449843"}],"wp:attachment":[{"href":"https:\/\/www.europesays.com\/fr\/wp-json\/wp\/v2\/media?parent=449842"}],"wp:term":[{"taxonomy":"category","embeddable":true,"href":"https:\/\/www.europesays.com\/fr\/wp-json\/wp\/v2\/categories?post=449842"},{"taxonomy":"post_tag","embeddable":true,"href":"https:\/\/www.europesays.com\/fr\/wp-json\/wp\/v2\/tags?post=449842"}],"curies":[{"name":"wp","href":"https:\/\/api.w.org\/{rel}","templated":true}]}}