{"id":449861,"date":"2025-10-09T11:17:11","date_gmt":"2025-10-09T11:17:11","guid":{"rendered":"https:\/\/www.europesays.com\/fr\/449861\/"},"modified":"2025-10-09T11:17:11","modified_gmt":"2025-10-09T11:17:11","slug":"la-tombe-de-robert-badinter-a-bagneux-profanee-avant-son-entree-au-pantheon-liberation","status":"publish","type":"post","link":"https:\/\/www.europesays.com\/fr\/449861\/","title":{"rendered":"La tombe de Robert Badinter \u00e0 Bagneux profan\u00e9e avant son entr\u00e9e au Panth\u00e9on \u2013 Lib\u00e9ration"},"content":{"rendered":"<p class=\"sc-cPiKLX AiZTS text-element\">Alors que la panth\u00e9onisation de l\u2019avocat, ancien garde des Sceaux et militant de toujours pour l\u2019abolition de la <a href=\"https:\/\/www.liberation.fr\/idees-et-debats\/tribunes\/au-seminaire-badinter-le-penseur-et-les-pontes-du-penitencier-par-michelle-perrot-20251009_S3EI5P6OC5HLXJW3IH3JDNADNM\/\" target=\"_blank\" rel=\"noreferrer noopener\" title=\"https:\/\/www.liberation.fr\/idees-et-debats\/tribunes\/au-seminaire-badinter-le-penseur-et-les-pontes-du-penitencier-par-michelle-perrot-20251009_S3EI5P6OC5HLXJW3IH3JDNADNM\/\">peine de mort<\/a> doit intervenir <a href=\"https:\/\/www.liberation.fr\/societe\/robert-badinter-au-pantheon-lecture-de-ses-plaidoiries-abolition-de-la-peine-de-mort-julien-clerc-comment-se-deroulera-la-ceremonie-20251009_VR6DGOSNFJGBRMHMAR2JDG5OLE\/\" target=\"_blank\" rel=\"noreferrer noopener\" title=\"https:\/\/www.liberation.fr\/societe\/robert-badinter-au-pantheon-lecture-de-ses-plaidoiries-abolition-de-la-peine-de-mort-julien-clerc-comment-se-deroulera-la-ceremonie-20251009_VR6DGOSNFJGBRMHMAR2JDG5OLE\/\">ce jeudi 9 octobre<\/a>, c\u2019est sa m\u00e9moire que certains ont tent\u00e9 de salir. La tombe de Robert Badinter, mort en f\u00e9vrier 2024 \u00e0 l\u2019\u00e2ge de 95 ans et enterr\u00e9 au cimeti\u00e8re de Bagneux (Hauts-de-Seine), a \u00e9t\u00e9 profan\u00e9e par une inscription, a appris Lib\u00e9ration, ce jeudi 9 octobre matin, de deux sources distinctes. Les mots \u00abLes assassins, les violeurs, les pedo, la R\u00e9publique reconnaissante\u00bb ont \u00e9t\u00e9 d\u00e9couverts sur le tombeau de celui dont les engagements universalistes seront c\u00e9l\u00e9br\u00e9s par la R\u00e9publique. L\u2019enqu\u00eate a \u00e9t\u00e9 confi\u00e9e \u00e0 la S\u00fbret\u00e9 territoriale des Hauts-de-Seine. <\/p>\n<p class=\"sc-cPiKLX AiZTS text-element\">La police, sur place, a \u00e9tabli un p\u00e9rim\u00e8tre de s\u00e9curit\u00e9. La tombe de Robert Badinter, elle, a \u00e9t\u00e9 recouverte d\u2019une b\u00e2che kaki maintenue par des planches en bois et entour\u00e9e de barri\u00e8res vauban. Une riveraine, se pr\u00e9sentant comme une proche de la famille, dit avoir aper\u00e7u \u00abde la peinture blanche sur tout le dessus de la tombe\u00bb avant que celle-ci ne soit b\u00e2ch\u00e9e. Elle est venue se recueillir ici avant de rejoindre la c\u00e9r\u00e9monie pr\u00e9vue au Panth\u00e9on. \u00abC\u2019est vertigineux ce niveau de haine, l\u00e2che-t-elle, d\u00e9sol\u00e9e. Je suis venue parce que c\u2019\u00e9tait un moment particulier [\u2026]. Je veux savoir ce qu\u2019il y avait d\u2019\u00e9crit, et en m\u00eame temps, je ne veux pas savoir. On ne peut m\u00eame pas s\u2019approcher de la tombe aujourd\u2019hui. C\u2019est un spectacle d\u00e9solant.\u00bb Et de laisser son v\u00e9lo glisser doucement loin de la sc\u00e8ne : \u00abJe n\u2019ai plus de mots.\u00bb <\/p>\n<p class=\"sc-cPiKLX AiZTS text-element\">Peu avant 13 heures, un utilitaire du service de propret\u00e9 de la ville de Paris est arriv\u00e9 sur place, garni de sacs de produits abrasifs. Les agents prenant soin de garer leur camion de mani\u00e8re \u00e0 obstruer la vue aux m\u00e9dias, avant d\u2019enfiler une combinaison en plastique blanche et de se munir de gants et de seaux. De nouvelles b\u00e2ches ont \u00e9t\u00e9 tendues tout autour de la tombe de Robert Badinter le temps de leur intervention. <\/p>\n<p class=\"sc-cPiKLX AiZTS text-element\">Emmanuel Macron a rapidement r\u00e9agi sur X, selon l\u2019AFP : \u00abLa tombe de Robert Badinter a \u00e9t\u00e9 profan\u00e9e. Honte \u00e0 ceux qui ont voulu souiller sa m\u00e9moire. Ce soir, il entrera au Panth\u00e9on, demeure \u00e9ternelle de la conscience et de la justice. La R\u00e9publique est toujours plus forte que la haine.\u00bb Lib\u00e9ration n\u2019a pas \u00e9t\u00e9 en mesure de retrouver ce message sur le r\u00e9seau social. <\/p>\n<p class=\"sc-cPiKLX AiZTS text-element\">A 17 heures aujourd\u2019hui, le cercueil de l\u2019ancien ministre doit \u00eatre transport\u00e9 vers la n\u00e9cropole dans le Ve arrondissement, au centre de Paris, avant de remonter la rue Soufflot puis d\u2019\u00eatre accueilli par Emmanuel Macron pour un discours sous la nef du Panth\u00e9on. <\/p>\n<p class=\"sc-cPiKLX AiZTS text-element\">Mais le corps de Robert Badinter repose toujours au cimeti\u00e8re de Bagneux. Le cercueil qui sera transport\u00e9 contiendra des objets choisis par Elisabeth Badinter. <\/p>\n<p class=\"sc-cPiKLX AiZTS text-element\"><b>Mise \u00e0 jour<\/b> \u00e0 13 h 16 avec le d\u00e9but de l\u2019intervention de nettoyage. <\/p>\n","protected":false},"excerpt":{"rendered":"Alors que la panth\u00e9onisation de l\u2019avocat, ancien garde des Sceaux et militant de toujours pour l\u2019abolition de la&hellip;\n","protected":false},"author":2,"featured_media":449862,"comment_status":"","ping_status":"","sticky":false,"template":"","format":"standard","meta":{"footnotes":""},"categories":[2],"tags":[11,1011,27,12,25,56676],"class_list":{"0":"post-449861","1":"post","2":"type-post","3":"status-publish","4":"format-standard","5":"has-post-thumbnail","7":"category-actualites","8":"tag-actualites","9":"tag-fr","10":"tag-france","11":"tag-news","12":"tag-republique-francaise","13":"tag-robert-badinter"},"share_on_mastodon":{"url":"https:\/\/pubeurope.com\/@fr\/115343933064222513","error":""},"_links":{"self":[{"href":"https:\/\/www.europesays.com\/fr\/wp-json\/wp\/v2\/posts\/449861","targetHints":{"allow":["GET"]}}],"collection":[{"href":"https:\/\/www.europesays.com\/fr\/wp-json\/wp\/v2\/posts"}],"about":[{"href":"https:\/\/www.europesays.com\/fr\/wp-json\/wp\/v2\/types\/post"}],"author":[{"embeddable":true,"href":"https:\/\/www.europesays.com\/fr\/wp-json\/wp\/v2\/users\/2"}],"replies":[{"embeddable":true,"href":"https:\/\/www.europesays.com\/fr\/wp-json\/wp\/v2\/comments?post=449861"}],"version-history":[{"count":0,"href":"https:\/\/www.europesays.com\/fr\/wp-json\/wp\/v2\/posts\/449861\/revisions"}],"wp:featuredmedia":[{"embeddable":true,"href":"https:\/\/www.europesays.com\/fr\/wp-json\/wp\/v2\/media\/449862"}],"wp:attachment":[{"href":"https:\/\/www.europesays.com\/fr\/wp-json\/wp\/v2\/media?parent=449861"}],"wp:term":[{"taxonomy":"category","embeddable":true,"href":"https:\/\/www.europesays.com\/fr\/wp-json\/wp\/v2\/categories?post=449861"},{"taxonomy":"post_tag","embeddable":true,"href":"https:\/\/www.europesays.com\/fr\/wp-json\/wp\/v2\/tags?post=449861"}],"curies":[{"name":"wp","href":"https:\/\/api.w.org\/{rel}","templated":true}]}}