{"id":449881,"date":"2025-10-09T11:29:11","date_gmt":"2025-10-09T11:29:11","guid":{"rendered":"https:\/\/www.europesays.com\/fr\/449881\/"},"modified":"2025-10-09T11:29:11","modified_gmt":"2025-10-09T11:29:11","slug":"baiser-decollete-paillettes-alice-detollenaere-et-camille-lacourt-plus-glamour-et-soudes-que-jamais-sur-le-tapis-rouge-video","status":"publish","type":"post","link":"https:\/\/www.europesays.com\/fr\/449881\/","title":{"rendered":"Baiser, d\u00e9collet\u00e9, paillettes\u2026 Alice Detollenaere et Camille Lacourt plus glamour et soud\u00e9s que jamais sur le tapis rouge (Vid\u00e9o)"},"content":{"rendered":"<p>Le 8 octobre 2025, Paris vibrait sous les \u00e9toiles du<br \/>\n<strong data-start=\"190\" data-end=\"203\">Peninsula<\/strong>, temple<br \/>\ndu luxe \u00e0 l\u2019avenue Kl\u00e9ber, qui accueillait le prestigieux<br \/>\n<strong data-start=\"270\" data-end=\"322\">gala des 10 ans de<br \/>\nl\u2019association<\/strong> <a href=\"https:\/\/www.closermag.fr\/people\/photos-vaimalama-chaves-marine-lorphelin-elodie-gossuin-les-miss-et-ex-miss-fran-947715\" target=\"_blank\" rel=\"noopener\"><br \/>\nLes Bonnes F\u00e9es<\/a>. Une d\u00e9cennie de combats, de solidarit\u00e9, de<br \/>\nbelles actions aupr\u00e8s des femmes touch\u00e9es par le cancer, c\u00e9l\u00e9br\u00e9e<br \/>\nautour d\u2019un d\u00eener caritatif d\u2019exception.<\/p>\n<p>Fond\u00e9e en 2015 par Sylvie Tellier et port\u00e9e par plusieurs Miss<br \/>\nFrance, l\u2019association ne cesse de gagner en influence : maisons<br \/>\nd\u2019accueil, soins compl\u00e9mentaires, soutien moral\u2026 en dix ans, elle<br \/>\nest devenue un pilier du mouvement Octobre Rose en France. Fond\u00e9e<br \/>\nen 2015 par Sylvie Tellier et port\u00e9e par plusieurs Miss France,<br \/>\nl\u2019association ne cesse de gagner en influence : maisons d\u2019accueil,<br \/>\nsoins compl\u00e9mentaires, soutien moral\u2026 en dix ans, elle est devenue<br \/>\nun pilier du mouvement Octobre Rose en France.<\/p>\n<p>Alice Detollenaere et Camille Lacourt plus glamour et soud\u00e9s<br \/>\nque jamais sur le tapis rouge<\/p>\n<blockquote class=\"instagram-media\" style=\"background: #ffffff;border: 0;margin: 1px;width: 100%;padding: 0;max-width: 500px;\" data-instgrm-permalink=\"https:\/\/www.instagram.com\/p\/DPkBu7djNPW\/\" data-instgrm-version=\"14\"\/>\n<p>Pour l&rsquo;occasion, le gotha parisien \u00e9tait l\u00e0 : des personnalit\u00e9s<br \/>\ndu monde de la beaut\u00e9, des m\u00e9dias, du spectacle. On a notamment<br \/>\naper\u00e7u <a href=\"https:\/\/www.closermag.fr\/people\/mareva-galanter-retour-sur-son-evolution-physique-en-photos-3236365\" target=\"_blank\" rel=\"noopener\"><br \/>\nMareva Galanter<\/a>, \u00e9l\u00e9gante et souriante sur le tapis rouge. La<br \/>\npr\u00e9sidente de l\u2019association, Sylvie Tellier, officiait en h\u00f4tesse<br \/>\nengag\u00e9e, aux c\u00f4t\u00e9s de ses complices b\u00e9n\u00e9voles.\u00a0Mais l\u2019une des<br \/>\napparitions les plus remarqu\u00e9es fut celle de <a href=\"https:\/\/www.closermag.fr\/people\/camille-lacourt-au-bord-des-larmes-aux-cotes-de-sa-femme-emotion-palpable-dans-c-a-vous-3583834\" target=\"_blank\" rel=\"noopener\"><br \/>\nCamille Lacourt<\/a> <strong data-start=\"1570\" data-end=\"1604\">et sa<br \/>\ncompagne<\/strong>, pr\u00e9sents pour donner de la visibilit\u00e9 \u00e0 cette<br \/>\nbelle cause. Ils ont vol\u00e9 la vedette tant par leur complicit\u00e9 que<br \/>\npar leur \u00e9l\u00e9gance.<\/p>\n<p data-start=\"1825\" data-end=\"2098\">Camille Lacourt, ancien<br \/>\nchampion de natation reconverti, est tr\u00e8s impliqu\u00e9 dans la cause<br \/>\nOctobre Rose avec sa compagne <a href=\"https:\/\/www.closermag.fr\/people\/camille-lacourt-sa-femme-alice-detollenaere-dans-une-periode-compliquee-elle-sort-du-silence-3572941\" target=\"_blank\" rel=\"noopener\"><br \/>\nAlice Detollenaere<\/a> (ancienne Miss Bourgogne). Leur pr\u00e9sence,<br \/>\ntr\u00e8s \u00e0 l\u2019aise, a donn\u00e9 une touche intime au gala. Sur le tapis<br \/>\nrouge, le couple \u00e9tait tout simplement <strong data-start=\"2152\" data-end=\"2163\">sublime<\/strong>. Camille \u00e9tait resplendissant dans<br \/>\nun smoking noir et blanc cr\u00e8me. Quant \u00e0 Alice, elle brillait dans<br \/>\nune robe longue fluide \u00e0 bustier \u00e0 paillettes. Ensemble, ils<br \/>\nformaient un duo harmonieux, naturellement chic, capturant les<br \/>\nflashs \u00e0 chaque pas.<\/p>\n<p>Alice Detollenaere : retour sur son<br \/>\ncombat contre le cancer<\/p>\n<p>En 2020, Alice r\u00e9v\u00e9lait avoir \u00e9t\u00e9 <strong data-start=\"1725\" data-end=\"1758\">touch\u00e9e par un<\/strong> <a href=\"https:\/\/www.closermag.fr\/people\/camille-lacourt-quatre-ans-que-jhesite-sa-compagne-a-nouveau-operee-des-deux-seins-apres-son-cancer-3506829\" target=\"_blank\" rel=\"noopener\"><br \/>\ncancer du sein<\/a>. \u00c0 l\u2019\u00e9poque, elle n\u2019avait que 33 ans. Elle avait<br \/>\nchoisi de t\u00e9moigner avec sinc\u00e9rit\u00e9 sur les r\u00e9seaux sociaux, parlant<br \/>\nsans tabou de la mastectomie, de la reconstruction, et surtout de<br \/>\nla force n\u00e9cessaire pour affronter la maladie. Son compagnon,<br \/>\nCamille, fut son roc. Main dans la main, ils ont travers\u00e9 cette<br \/>\n\u00e9preuve et en sont sortis plus unis que jamais.<\/p>\n<p>Pour rappel, apr\u00e8s sa s\u00e9paration d\u2019avec <a href=\"https:\/\/www.closermag.fr\/people\/camille-lacourt-cette-relation-tres-speciale-entre-sa-cherie-alice-detollenaere-et-son-ex-valerie-begue-3479901\" target=\"_blank\" rel=\"noopener\"><br \/>\nVal\u00e9rie B\u00e8gue<\/a>, Camille a trouv\u00e9 aupr\u00e8s d\u2019Alice une femme<br \/>\ndiscr\u00e8te et fid\u00e8le. Le couple a un fils, <strong data-start=\"2851\" data-end=\"2861\">Marius<\/strong>, n\u00e9 en 2021.<\/p>\n<p><script async src=\"\/\/www.instagram.com\/embed.js\"><\/script><\/p>\n","protected":false},"excerpt":{"rendered":"Le 8 octobre 2025, Paris vibrait sous les \u00e9toiles du Peninsula, temple du luxe \u00e0 l\u2019avenue Kl\u00e9ber, qui&hellip;\n","protected":false},"author":2,"featured_media":449882,"comment_status":"","ping_status":"","sticky":false,"template":"","format":"standard","meta":{"footnotes":""},"categories":[1359],"tags":[57591,13048,58,59,1011,27,973],"class_list":{"0":"post-449881","1":"post","2":"type-post","3":"status-publish","4":"format-standard","5":"has-post-thumbnail","7":"category-people","8":"tag-alice-detollenaere","9":"tag-camille-lacourt","10":"tag-divertissement","11":"tag-entertainment","12":"tag-fr","13":"tag-france","14":"tag-people"},"share_on_mastodon":{"url":"https:\/\/pubeurope.com\/@fr\/115343980443319704","error":""},"_links":{"self":[{"href":"https:\/\/www.europesays.com\/fr\/wp-json\/wp\/v2\/posts\/449881","targetHints":{"allow":["GET"]}}],"collection":[{"href":"https:\/\/www.europesays.com\/fr\/wp-json\/wp\/v2\/posts"}],"about":[{"href":"https:\/\/www.europesays.com\/fr\/wp-json\/wp\/v2\/types\/post"}],"author":[{"embeddable":true,"href":"https:\/\/www.europesays.com\/fr\/wp-json\/wp\/v2\/users\/2"}],"replies":[{"embeddable":true,"href":"https:\/\/www.europesays.com\/fr\/wp-json\/wp\/v2\/comments?post=449881"}],"version-history":[{"count":0,"href":"https:\/\/www.europesays.com\/fr\/wp-json\/wp\/v2\/posts\/449881\/revisions"}],"wp:featuredmedia":[{"embeddable":true,"href":"https:\/\/www.europesays.com\/fr\/wp-json\/wp\/v2\/media\/449882"}],"wp:attachment":[{"href":"https:\/\/www.europesays.com\/fr\/wp-json\/wp\/v2\/media?parent=449881"}],"wp:term":[{"taxonomy":"category","embeddable":true,"href":"https:\/\/www.europesays.com\/fr\/wp-json\/wp\/v2\/categories?post=449881"},{"taxonomy":"post_tag","embeddable":true,"href":"https:\/\/www.europesays.com\/fr\/wp-json\/wp\/v2\/tags?post=449881"}],"curies":[{"name":"wp","href":"https:\/\/api.w.org\/{rel}","templated":true}]}}