{"id":449887,"date":"2025-10-09T11:32:11","date_gmt":"2025-10-09T11:32:11","guid":{"rendered":"https:\/\/www.europesays.com\/fr\/449887\/"},"modified":"2025-10-09T11:32:11","modified_gmt":"2025-10-09T11:32:11","slug":"labsence-de-perceval-enfin-expliquee-par-alexandre-astier","status":"publish","type":"post","link":"https:\/\/www.europesays.com\/fr\/449887\/","title":{"rendered":"l&rsquo;absence de Perceval enfin expliqu\u00e9e par Alexandre Astier"},"content":{"rendered":"<p>Alors que Lancelot continue d\u2019\u00eatre une menace pour le Royaume de Logres, Arthur Pendragon devrait pouvoir compter sur tous ses alli\u00e9s pour mener une bataille qu\u2019il n\u2019a d\u00e9j\u00e0 pas vraiment envie de mener. <strong>Redevenu roi,<\/strong> le personnage va r\u00e9unifier ses chevaliers de la Table Ronde pour se lancer dans une nouvelle aventure que l\u2019on esp\u00e8re riche en rebondissements.<\/p>\n<p>Depuis quelques semaines pourtant, et alors que la bande-annonce de<strong> Kaamelott\u00a0: Deuxi\u00e8me volet<\/strong> donnait un aper\u00e7u de tous les personnages invit\u00e9s, l\u2019absence de l\u2019un d\u2019entre eux fait couler beaucoup d\u2019encre. Proche du Roi, favori du public, <strong>Perceval ne sera pas de la partie.<\/strong> Le nom de Frank Pitiot ne comptait pas parmi <a href=\"https:\/\/www.journaldugeek.com\/2025\/08\/07\/kaamelott-2-la-date-de-la-deuxieme-partie-officielle-les-fans-vont-etre-ravis\/\" target=\"_blank\" rel=\"noopener\">les nombreux annonc\u00e9s<\/a> par SND et Alexandre Astier il y a quelques semaines.<\/p>\n<p>Si les fans y vont de leur th\u00e9orie, \u00e9voquant un destin plus grandiose pour Perceval de Galles, le r\u00e9alisateur et sc\u00e9nariste vient de mettre fin au suspense. Face \u00e0 Samuel Etienne, dans son \u00e9mission Ma Vie Pro sur Twitch.<\/p>\n<blockquote>\n<p>\u201cIl n\u2019y a pas Perceval parce que Franck Pitiot qui l\u2019interpr\u00e8te n\u2019est pas revenu. Il n\u2019a pas voulu revenir dans ce volet. \u00c7a nous a un peu chang\u00e9 le cours des trucs. Il y a eu de la r\u00e9\u00e9criture\u201d.\u00a0<\/p>\n<\/blockquote>\n<p>Alexandre Astier n\u2019a pas abord\u00e9 les raisons qui ont pouss\u00e9 le com\u00e9dien, qui campe Perceval depuis le d\u00e9but, \u00e0 refuser de prendre part \u00e0 ce second film. \u00c0 noter que cette d\u00e9cision concerne aussi la deuxi\u00e8me partie de Kaamelott\u00a0: Deuxi\u00e8me volet <strong>promise pour l\u2019ann\u00e9e 2026.<\/strong><\/p>\n<p> Pas de Perceval du tout\u00a0? <\/p>\n<p>Alexandre Astier nuance tout de m\u00eame en \u00e9voquant le destin du personnage sans son interpr\u00e8te. \u201cAlors attention, Franck Pitiot n\u2019est pas dans le film, Perceval c\u2019est un petit peu plus compliqu\u00e9. Je ne peux pas en dire plus, mais c\u2019est plus compliqu\u00e9 que\u00a0: il n\u2019y est pas\u201d.\u00a0<\/p>\n<blockquote class=\"twitter-tweet\" data-width=\"500\" data-dnt=\"true\">\n<p lang=\"fr\" dir=\"ltr\">Alexandre Astier explique l&rsquo;absence de Franck Pitiot (Perceval) dans Kaamelott\u00a0: Deuxi\u00e8me volet.<\/p>\n<p>Source: Ma Vie Pro sur la chaine Twitch de Samuel Etienne. <a href=\"https:\/\/t.co\/aMg3ODTnOF\">pic.twitter.com\/aMg3ODTnOF<\/a><\/p>\n<p>\u2014 TeaBow (@TeaBow_Twitch) <a href=\"https:\/\/twitter.com\/TeaBow_Twitch\/status\/1975894424342462764?ref_src=twsrc%5Etfw\" target=\"_blank\" rel=\"noopener\">October 8, 2025<\/a><\/p>\n<\/blockquote>\n<p>On peut ainsi imaginer qu\u2019une explication sc\u00e9naristique ait \u00e9t\u00e9 trouv\u00e9e et que le r\u00e9cit n\u2019\u00e9ludera tout simplement pas la question. Reste \u00e0 voir si cette absence p\u00e8sera sur la port\u00e9e du film. <strong>Astier a-t-il choisi de distribuer le r\u00f4le \u00e0 un autre acteur\u00a0? <\/strong><\/p>\n<p>Ce ne serait pas la premi\u00e8re fois dans l\u2019histoire de <a href=\"https:\/\/www.journaldugeek.com\/2025\/10\/01\/kaamelott-v2-date-de-sortie-casting-intrigue-tout-savoir-sur-le-second-film\/\" target=\"_blank\" rel=\"noopener\">Kaamelott<\/a>. Rappelons que Virgine Ledoyen a par exemple remplac\u00e9 Anouk Grinberg dans le r\u00f4le d\u2019Anna de Tintagel, demi-soeur d\u2019Arthur.<\/p>\n<p> Et le troisi\u00e8me film\u00a0? <\/p>\n<p>Officiellement, Kaamelott doit se terminer au terme d\u2019un troisi\u00e8me volet. Le deuxi\u00e8me volet \u00e9tant particuli\u00e8rement dense, Alexandre Astier a pris la d\u00e9cision de proposer deux parties dans les salles obscures. La situation aura-t-elle une issue positive \u00e0 l\u2019occasion du troisi\u00e8me film\u00a0? Il va falloir patienter encore un peu pour le d\u00e9couvrir. Astier ne s\u2019est pas encore engag\u00e9 sur une fen\u00eatre de sortie concernant cette immense conclusion.<\/p>\n<p>    <a href=\"https:\/\/www.youtube.com\/user\/JournalduGeek?sub_confirmation=1\" target=\"_blank\" rel=\"nofollow noopener\"><br \/>\n        S&rsquo;abonner \u00e0 Journal du Geek<br \/>\n    <\/a> <\/p>\n<p>Kaamelott\u00a0: Deuxi\u00e8me Volet (partie 1) sort le 22 octobre prochain au cin\u00e9ma. Nous avons pu voir les 30 premi\u00e8res minutes, notre avis est <a href=\"https:\/\/www.journaldugeek.com\/dossier\/kaamelott-2-on-a-vu-les-30-premieres-minutes-du-film-dalexandre-astier\/\" target=\"_blank\" rel=\"noopener\">disponible ici.<\/a><\/p>\n<blockquote>\n<p class=\"text-base text-neutral-700 dark:text-neutral-300\">\ud83d\udfe3 Pour ne manquer aucune news sur le Journal du Geek, abonnez-vous sur <a href=\"https:\/\/news.google.com\/publications\/CAAqBwgKMNr_hAswwYyCAw?hl=fr&amp;gl=FR&amp;ceid=FR%3Afr\" target=\"_blank\" rel=\"noopener\">Google Actualit\u00e9s<\/a> et sur <a href=\"https:\/\/whatsapp.com\/channel\/0029VaClM5y4tRry12tb7D2h\" target=\"_blank\" rel=\"noopener\">notre WhatsApp<\/a>. Et si vous nous adorez, on a <a href=\"https:\/\/www.journaldugeek.com\/newsletter\/\" target=\"_blank\" rel=\"noopener\">une newsletter tous les matins<\/a>.<\/p>\n<\/blockquote>\n<p>                  <script async src=\"https:\/\/platform.twitter.com\/widgets.js\" charset=\"utf-8\"><\/script><\/p>\n","protected":false},"excerpt":{"rendered":"Alors que Lancelot continue d\u2019\u00eatre une menace pour le Royaume de Logres, Arthur Pendragon devrait pouvoir compter sur&hellip;\n","protected":false},"author":2,"featured_media":449888,"comment_status":"","ping_status":"","sticky":false,"template":"","format":"standard","meta":{"footnotes":""},"categories":[1356],"tags":[14989,58,59,19321,1011,27,41019,252,1364],"class_list":{"0":"post-449887","1":"post","2":"type-post","3":"status-publish","4":"format-standard","5":"has-post-thumbnail","7":"category-television","8":"tag-alexandre-astier","9":"tag-divertissement","10":"tag-entertainment","11":"tag-fantasy","12":"tag-fr","13":"tag-france","14":"tag-kaamelott","15":"tag-television","16":"tag-tv"},"share_on_mastodon":{"url":"https:\/\/pubeurope.com\/@fr\/115343992190631334","error":""},"_links":{"self":[{"href":"https:\/\/www.europesays.com\/fr\/wp-json\/wp\/v2\/posts\/449887","targetHints":{"allow":["GET"]}}],"collection":[{"href":"https:\/\/www.europesays.com\/fr\/wp-json\/wp\/v2\/posts"}],"about":[{"href":"https:\/\/www.europesays.com\/fr\/wp-json\/wp\/v2\/types\/post"}],"author":[{"embeddable":true,"href":"https:\/\/www.europesays.com\/fr\/wp-json\/wp\/v2\/users\/2"}],"replies":[{"embeddable":true,"href":"https:\/\/www.europesays.com\/fr\/wp-json\/wp\/v2\/comments?post=449887"}],"version-history":[{"count":0,"href":"https:\/\/www.europesays.com\/fr\/wp-json\/wp\/v2\/posts\/449887\/revisions"}],"wp:featuredmedia":[{"embeddable":true,"href":"https:\/\/www.europesays.com\/fr\/wp-json\/wp\/v2\/media\/449888"}],"wp:attachment":[{"href":"https:\/\/www.europesays.com\/fr\/wp-json\/wp\/v2\/media?parent=449887"}],"wp:term":[{"taxonomy":"category","embeddable":true,"href":"https:\/\/www.europesays.com\/fr\/wp-json\/wp\/v2\/categories?post=449887"},{"taxonomy":"post_tag","embeddable":true,"href":"https:\/\/www.europesays.com\/fr\/wp-json\/wp\/v2\/tags?post=449887"}],"curies":[{"name":"wp","href":"https:\/\/api.w.org\/{rel}","templated":true}]}}