{"id":449896,"date":"2025-10-09T11:37:12","date_gmt":"2025-10-09T11:37:12","guid":{"rendered":"https:\/\/www.europesays.com\/fr\/449896\/"},"modified":"2025-10-09T11:37:12","modified_gmt":"2025-10-09T11:37:12","slug":"le-prix-nobel-de-litterature-2025-a-ete-attribue-a-lecrivain-hongrois-laszlo-krasznahorkai","status":"publish","type":"post","link":"https:\/\/www.europesays.com\/fr\/449896\/","title":{"rendered":"Le prix Nobel de litt\u00e9rature 2025\u00a0a \u00e9t\u00e9 attribu\u00e9 \u00e0\u00a0l\u2019\u00e9crivain hongrois Laszlo Krasznahorkai"},"content":{"rendered":"<p>                         <img loading=\"lazy\" decoding=\"async\" src=\"https:\/\/www.europesays.com\/fr\/wp-content\/uploads\/2025\/10\/170159a_upload-1-plmwnjt4bxa9-gettyimages-2224164785.jpg\" alt=\"Laszlo Krasznahorkai, \u00e0 Rome, en juillet 2025.\"   width=\"664\" height=\"443\"\/>    Laszlo Krasznahorkai, \u00e0 Rome, en juillet 2025.  FRANCO ORIGLIA\u00a0\/\u00a0GETTY IMAGES                 <\/p>\n<p class=\"article__paragraph  \">Si l\u2019\u0153uvre du Hongrois Laszlo Krasznahorkai, r\u00e9cipiendaire du prix Nobel de litt\u00e9rature 2025, s\u2019impose par elle-m\u00eame comme l\u2019une des plus importantes aujourd\u2019hui, cette distinction t\u00e9moigne aussi, apr\u00e8s la <a href=\"https:\/\/www.lemonde.fr\/culture\/article\/2019\/10\/11\/la-polonaise-olga-tokarczuk-ecrivaine-au-carrefour-des-peuples-distinguee_6015077_3246.html#:~:text=La%20romanci%C3%A8re%2C%20n%C3%A9e%20en%201962,avec%20une%20ann%C3%A9e%20de%20retard.&amp;text=Lecture%202%20min.&amp;text=Par%20un%20clin%20d%E2%80%99%C5%93il,de%20retard%2C%20jeudi%2010%20octobre.\" rel=\"nofollow noopener\" target=\"_blank\">m\u00eame r\u00e9compense accord\u00e9e \u00e0 la Polonaise Olga Tokarczuk<\/a> (2019), du dynamisme de la fiction est-europ\u00e9enne.<\/p>\n<p class=\"article__paragraph  \">Tr\u00e8s connue dans le monde anglo-saxon o\u00f9 Krasznahorkai avait re\u00e7u, d\u00e8s 2015, le prestigieux prix international Booker, consid\u00e9r\u00e9 comme l\u2019antichambre du Nobel, cette \u0153uvre a eu en France une r\u00e9ception plus tardive et fragmentaire. Ainsi le premier livre qui avait impos\u00e9 Kraszanahorkai sur la sc\u00e8ne de son pays en\u00a01985, Le Tango de Satan, n\u2019a-t-il \u00e9t\u00e9 traduit qu\u2019en\u00a02000 (chez Gallimard). La continuit\u00e9 de son accueil dans l\u2019Hexagone doit beaucoup \u00e0 la t\u00e9nacit\u00e9 et \u00e0 l\u2019enthousiasme de petits \u00e9diteurs, en particulier Cambourakis, qui a fait para\u00eetre, entre autres, en version fran\u00e7aise <a href=\"https:\/\/www.lemonde.fr\/livres\/article\/2018\/05\/09\/krasznahorkai-ou-l-insoutenable-beaute-de-l-art_5296421_3260.html\" rel=\"nofollow noopener\" target=\"_blank\">Seiobo est descendu sur terre<\/a> (2018), Le baron Wenckheim est de retour (2023) et <a href=\"https:\/\/www.lemonde.fr\/livres\/article\/2024\/10\/27\/laszlo-krasznahorkai-au-lecteur-son-propre-fil-d-ariane_6360901_3260.html\" rel=\"nofollow noopener\" target=\"_blank\">Petits travaux pour un palais<\/a> (2024), dans les excellentes traductions de Jo\u00eblle Dufeuilly.<\/p>\n<p>                              Lire aussi |  Article r\u00e9serv\u00e9 \u00e0 nos abonn\u00e9s  <a href=\"https:\/\/www.lemonde.fr\/livres\/article\/2023\/04\/06\/le-baron-wenckheim-est-de-retour-l-apocalypse-selon-laszlo-krasznahorkai_6168575_3260.html\" class=\"js-article-read-also catcher--favoris__link\" data-premium=\"1\" id=\"article-title-3317169\" rel=\"nofollow noopener\" target=\"_blank\">\u00ab\u00a0Le baron Wenckheim est de retour\u00a0\u00bb\u00a0: l\u2019apocalypse selon\u00a0Laszlo Krasznahorkai<\/a>    <\/p>\n<p>   Lire plus tard  <\/p>\n<p class=\"article__paragraph  \">N\u00e9 en\u00a01954\u00a0\u00e0 Gyula, non loin de la fronti\u00e8re roumaine, en Transylvanie, dans une famille de juristes class\u00e9e comme \u00ab\u00a0bourgeoise\u00a0\u00bb donc mal vue des autorit\u00e9s, Laszlo Krasznahorkai n\u2019a quitt\u00e9 la Hongrie qu\u2019en\u00a01987, pour Berlin. La chute du rideau de fer l\u2019am\u00e8ne \u00e0 voyager dans le monde entier. Il effectue ainsi de longs s\u00e9jours en Asie dans la d\u00e9cennie\u00a01990, multipliant ses sources d\u2019int\u00e9r\u00eat et d\u2019inspiration. Apr\u00e8s avoir longtemps nomadis\u00e9 et v\u00e9cu, comme son compatriote et ami le Prix Nobel (2002) <a href=\"https:\/\/www.lemonde.fr\/disparitions\/article\/2016\/03\/31\/l-ecrivain-hongrois-imre-kertesz-prix-nobel-de-litterature-est-mort_4892850_3382.html\" rel=\"nofollow noopener\" target=\"_blank\">Imre Kertesz (1929-2016)<\/a>, dans la capitale allemande, il s\u2019est un temps \u00e9tabli \u00e0 Trieste (Italie) afin de fuir l\u2019atmosph\u00e8re cr\u00e9\u00e9e par le r\u00e9gime du dirigeant hongrois Viktor Orban.<\/p>\n<p class=\"reading-mode-only \"><strong>Il vous reste 67.27% de cet article \u00e0 lire. La suite est r\u00e9serv\u00e9e aux abonn\u00e9s.<\/strong><\/p>\n","protected":false},"excerpt":{"rendered":"Laszlo Krasznahorkai, \u00e0 Rome, en juillet 2025. FRANCO ORIGLIA\u00a0\/\u00a0GETTY IMAGES Si l\u2019\u0153uvre du Hongrois Laszlo Krasznahorkai, r\u00e9cipiendaire du&hellip;\n","protected":false},"author":2,"featured_media":449897,"comment_status":"","ping_status":"","sticky":false,"template":"","format":"standard","meta":{"footnotes":""},"categories":[8],"tags":[58,59,1011,27],"class_list":{"0":"post-449896","1":"post","2":"type-post","3":"status-publish","4":"format-standard","5":"has-post-thumbnail","7":"category-divertissement","8":"tag-divertissement","9":"tag-entertainment","10":"tag-fr","11":"tag-france"},"share_on_mastodon":{"url":"https:\/\/pubeurope.com\/@fr\/115344011690133797","error":""},"_links":{"self":[{"href":"https:\/\/www.europesays.com\/fr\/wp-json\/wp\/v2\/posts\/449896","targetHints":{"allow":["GET"]}}],"collection":[{"href":"https:\/\/www.europesays.com\/fr\/wp-json\/wp\/v2\/posts"}],"about":[{"href":"https:\/\/www.europesays.com\/fr\/wp-json\/wp\/v2\/types\/post"}],"author":[{"embeddable":true,"href":"https:\/\/www.europesays.com\/fr\/wp-json\/wp\/v2\/users\/2"}],"replies":[{"embeddable":true,"href":"https:\/\/www.europesays.com\/fr\/wp-json\/wp\/v2\/comments?post=449896"}],"version-history":[{"count":0,"href":"https:\/\/www.europesays.com\/fr\/wp-json\/wp\/v2\/posts\/449896\/revisions"}],"wp:featuredmedia":[{"embeddable":true,"href":"https:\/\/www.europesays.com\/fr\/wp-json\/wp\/v2\/media\/449897"}],"wp:attachment":[{"href":"https:\/\/www.europesays.com\/fr\/wp-json\/wp\/v2\/media?parent=449896"}],"wp:term":[{"taxonomy":"category","embeddable":true,"href":"https:\/\/www.europesays.com\/fr\/wp-json\/wp\/v2\/categories?post=449896"},{"taxonomy":"post_tag","embeddable":true,"href":"https:\/\/www.europesays.com\/fr\/wp-json\/wp\/v2\/tags?post=449896"}],"curies":[{"name":"wp","href":"https:\/\/api.w.org\/{rel}","templated":true}]}}