{"id":449901,"date":"2025-10-09T11:40:11","date_gmt":"2025-10-09T11:40:11","guid":{"rendered":"https:\/\/www.europesays.com\/fr\/449901\/"},"modified":"2025-10-09T11:40:11","modified_gmt":"2025-10-09T11:40:11","slug":"le-comite-a-tenu-sa-derniere-reunion-lundi","status":"publish","type":"post","link":"https:\/\/www.europesays.com\/fr\/449901\/","title":{"rendered":"le comit\u00e9 a tenu sa derni\u00e8re r\u00e9union lundi"},"content":{"rendered":"<p>\n    Le nom du laur\u00e9at a \u00e9t\u00e9 choisi bien avant la conclusion d\u2019un accord entre Isra\u00ebl et le Hamas, mis sous une forte pression par Donald Trump qui lorgne ouvertement le Nobel de la paix.<\/p>\n<p class=\"fig-paragraph\">Le comit\u00e9 Nobel norv\u00e9gien, qui attribue\u00a0<a href=\"https:\/\/video.lefigaro.fr\/figaro\/international\/donald-trump-prix-nobel-de-la-paix-le-gabon-la-mauritanie-et-le-senegal-donnent-un-avis-positif-20250710\" data-fig-type=\"Video\" data-gtm-custom-categorie=\"navigation\" data-gtm-custom-action=\"crossclick\" data-gtm-custom-label=\"Contextuel\" data-gtm-event=\"customEventSPE\" data-fig-domain=\"LEFIGARO\" target=\"_blank\" rel=\"noopener\">le prix Nobel de la paix<\/a>, a eu sa derni\u00e8re r\u00e9union lundi 6 octobre, a indiqu\u00e9 l&rsquo;Institut Nobel jeudi, \u00e0 la veille de l&rsquo;annonce du laur\u00e9at 2025. Ce calendrier signifie que le nom du laur\u00e9at a \u00e9t\u00e9 choisi bien avant la conclusion d&rsquo;un accord entre Isra\u00ebl et le Hamas, mis sous une forte pression par\u00a0<a href=\"http:\/\/www.lefigaro.fr\/flash-actu\/pour-john-clarke-prix-nobel-de-physique-donald-trump-paralyse-la-science-aux-etats-unis-20251008\" data-fig-type=\"NewsFlash\" data-gtm-custom-categorie=\"navigation\" data-gtm-custom-action=\"crossclick\" data-gtm-custom-label=\"Contextuel\" data-gtm-event=\"customEventSPE\" data-fig-domain=\"LEFIGARO\" target=\"_blank\" rel=\"noopener\">Donald Trump<\/a>\u00a0qui lorgne ouvertement le Nobel de la paix<\/p>\n<p class=\"fig-paragraph\">Isra\u00ebl et mouvement islamiste sont convenus jeudi d&rsquo;<a href=\"https:\/\/www.lefigaro.fr\/story\/accord-pour-un-cessez-le-feu-a-gaza-recherche-dun-nouveau-premier-ministre-robert-badinter-au-pantheon-les-5-infos-a-connaitre-ce-9-octobre-18119\" data-fig-type=\"Story\" data-gtm-custom-categorie=\"navigation\" data-gtm-custom-action=\"crossclick\" data-gtm-custom-label=\"Contextuel\" data-gtm-event=\"customEventSPE\" data-fig-domain=\"LEFIGARO\" target=\"_blank\" rel=\"noopener\">un cessez-le-feu \u00e0 Gaza<\/a>\u00a0et d&rsquo;une\u00a0<a href=\"http:\/\/www.lefigaro.fr\/international\/benyamin-netanyahou-est-le-principal-obstacle-les-familles-d-otages-accusent-le-premier-ministre-de-trahir-les-promesses-d-israel-20251006\" data-fig-type=\"Article\" data-gtm-custom-categorie=\"navigation\" data-gtm-custom-action=\"crossclick\" data-gtm-custom-label=\"Contextuel\" data-gtm-event=\"customEventSPE\" data-fig-domain=\"LEFIGARO\" target=\"_blank\" rel=\"noopener\">lib\u00e9ration d&rsquo;otages<\/a>, une \u00e9tape majeure pour mettre fin \u00e0 deux ans de guerre destructrice dans le territoire palestinien. \u00abLa derni\u00e8re r\u00e9union du comit\u00e9 Nobel a eu lieu lundi\u00bb, a d\u00e9clar\u00e9 \u00e0 l&rsquo;AFP Erik Aasheim, porte-parole de l&rsquo;Institut Nobel norv\u00e9gien.<\/p>\n<p>                                    <a class=\"fig-a11y-skip a11y-hidden\" href=\"#fig-a11y-skip-main-inarticle\"><br \/>\n        Passer la publicit\u00e9<br \/>\n    <\/a><\/p>\n<p class=\"fig-paragraph\">Compos\u00e9 de cinq membres, le comit\u00e9 Nobel prend g\u00e9n\u00e9ralement sa d\u00e9cision plusieurs jours, voire plusieurs semaines, avant l&rsquo;annonce officielle, et se r\u00e9unit une derni\u00e8re fois dans la derni\u00e8re ligne droite avant ladite annonce pour peaufiner ses attendus. \u00abLes derni\u00e8res briques ont \u00e9t\u00e9 mises en place lundi mais on ne dit jamais quand le comit\u00e9 Nobel prend sa d\u00e9cision\u00bb, a ajout\u00e9 Erik Aasheim. Aucune nouvelle r\u00e9union du comit\u00e9 n&rsquo;est pr\u00e9vue avant la r\u00e9v\u00e9lation du nom du laur\u00e9at vendredi \u00e0 11 heures, a-t-il pr\u00e9cis\u00e9.<\/p>\n<p>\u00abIl y aura un laur\u00e9at cette ann\u00e9e\u00bb<\/p>\n<p class=\"fig-paragraph\">\u00abIl y aura un laur\u00e9at cette ann\u00e9e\u00bb, a-t-il dit, alors que certains experts sp\u00e9culent sur la possibilit\u00e9 que le comit\u00e9 Nobel, en raison de la situation g\u00e9opolitique d\u00e9grad\u00e9e, s&rsquo;abstienne d&rsquo;attribuer un prix.<\/p>\n<p class=\"fig-paragraph\">Revendiquant un r\u00f4le dans la r\u00e9solution de multiples conflits, Donald Trump mart\u00e8le, depuis son retour \u00e0 la Maison-Blanche en janvier, qu&rsquo;il \u00abm\u00e9rite\u00bb le Nobel.\u00a0<a href=\"https:\/\/video.lefigaro.fr\/figaro\/international\/donald-trump-jugerait-une-insulte-contre-les-etats-unis-le-fait-quil-ne-recoive-pas-le-nobel-de-la-paix-20250930\" data-fig-type=\"Video\" data-gtm-custom-categorie=\"navigation\" data-gtm-custom-action=\"crossclick\" data-gtm-custom-label=\"Contextuel\" data-gtm-event=\"customEventSPE\" data-fig-domain=\"LEFIGARO\" target=\"_blank\" rel=\"noopener\">Ne pas le lui donner serait une \u00abinsulte\u00bb contre les \u00c9tats-Unis<\/a>, a-t-il lanc\u00e9 r\u00e9cemment. L&rsquo;accord entre Isra\u00ebl et le Hamas \u00abn&rsquo;a absolument aucune cons\u00e9quence\u00bb sur le choix du laur\u00e9at 2025 car \u00able comit\u00e9 Nobel a d\u00e9j\u00e0 pris sa d\u00e9cision\u00bb, a r\u00e9agi aupr\u00e8s de l&rsquo;AFP l&rsquo;historien Asle Sveen, sp\u00e9cialiste du Nobel.<\/p>\n<p class=\"fig-paragraph\">\u00abTrump ne remportera pas le prix cette ann\u00e9e. J&rsquo;en suis 100% s\u00fbr\u00bb, a-t-il dit, soulignant que le pr\u00e9sident am\u00e9ricain avait longtemps \u00abdonn\u00e9 les mains libres\u00bb au premier ministre isra\u00e9lien\u00a0<a href=\"http:\/\/www.lefigaro.fr\/international\/un-grand-jour-pour-israel-benyamin-netanyahou-salue-le-cessez-le-feu-avec-le-hamas-20251009\" data-fig-type=\"NewsFlash\" data-gtm-custom-categorie=\"navigation\" data-gtm-custom-action=\"crossclick\" data-gtm-custom-label=\"Contextuel\" data-gtm-event=\"customEventSPE\" data-fig-domain=\"LEFIGARO\" target=\"_blank\" rel=\"noopener\">Benyamin Netanyahou<\/a>\u00a0pour bombarder Gaza et avait accord\u00e9 une aide militaire importante \u00e0 l&rsquo;arm\u00e9e isra\u00e9lienne.<\/p>\n<p class=\"fig-paragraph\">Cette ann\u00e9e, 338 individus et organisations ont \u00e9t\u00e9 propos\u00e9s pour le Nobel de la paix qui avait r\u00e9compens\u00e9 en 2024 Nihon Hidankyo, un groupe de survivants des bombardements de Hiroshima et Nagasaki, en croisade contre l&rsquo;arme nucl\u00e9aire.<\/p>\n","protected":false},"excerpt":{"rendered":"Le nom du laur\u00e9at a \u00e9t\u00e9 choisi bien avant la conclusion d\u2019un accord entre Isra\u00ebl et le Hamas,&hellip;\n","protected":false},"author":2,"featured_media":449902,"comment_status":"","ping_status":"","sticky":false,"template":"","format":"standard","meta":{"footnotes":""},"categories":[5],"tags":[11,1011,27,14,12,41939,28],"class_list":{"0":"post-449901","1":"post","2":"type-post","3":"status-publish","4":"format-standard","5":"has-post-thumbnail","7":"category-international","8":"tag-actualites","9":"tag-fr","10":"tag-france","11":"tag-international","12":"tag-news","13":"tag-nobel-de-la-paix","14":"tag-world"},"share_on_mastodon":{"url":"https:\/\/pubeurope.com\/@fr\/115344023570492275","error":""},"_links":{"self":[{"href":"https:\/\/www.europesays.com\/fr\/wp-json\/wp\/v2\/posts\/449901","targetHints":{"allow":["GET"]}}],"collection":[{"href":"https:\/\/www.europesays.com\/fr\/wp-json\/wp\/v2\/posts"}],"about":[{"href":"https:\/\/www.europesays.com\/fr\/wp-json\/wp\/v2\/types\/post"}],"author":[{"embeddable":true,"href":"https:\/\/www.europesays.com\/fr\/wp-json\/wp\/v2\/users\/2"}],"replies":[{"embeddable":true,"href":"https:\/\/www.europesays.com\/fr\/wp-json\/wp\/v2\/comments?post=449901"}],"version-history":[{"count":0,"href":"https:\/\/www.europesays.com\/fr\/wp-json\/wp\/v2\/posts\/449901\/revisions"}],"wp:featuredmedia":[{"embeddable":true,"href":"https:\/\/www.europesays.com\/fr\/wp-json\/wp\/v2\/media\/449902"}],"wp:attachment":[{"href":"https:\/\/www.europesays.com\/fr\/wp-json\/wp\/v2\/media?parent=449901"}],"wp:term":[{"taxonomy":"category","embeddable":true,"href":"https:\/\/www.europesays.com\/fr\/wp-json\/wp\/v2\/categories?post=449901"},{"taxonomy":"post_tag","embeddable":true,"href":"https:\/\/www.europesays.com\/fr\/wp-json\/wp\/v2\/tags?post=449901"}],"curies":[{"name":"wp","href":"https:\/\/api.w.org\/{rel}","templated":true}]}}