{"id":449908,"date":"2025-10-09T11:44:12","date_gmt":"2025-10-09T11:44:12","guid":{"rendered":"https:\/\/www.europesays.com\/fr\/449908\/"},"modified":"2025-10-09T11:44:12","modified_gmt":"2025-10-09T11:44:12","slug":"loperation-seduction-se-transforme-en-operation-deception","status":"publish","type":"post","link":"https:\/\/www.europesays.com\/fr\/449908\/","title":{"rendered":"l&rsquo;op\u00e9ration s\u00e9duction se transforme en op\u00e9ration d\u00e9ception"},"content":{"rendered":"<p>L\u2019op\u00e9ration s\u00e9duction a tourn\u00e9 court. Pourtant l\u2019amphi J01 de l\u2019universit\u00e9 Jean-Monnet \u00e9tait plein \u00e0 craquer pour \u00e9couter la rectrice de l\u2019acad\u00e9mie de Lyon, Anne Bisagni-Faure, accompagn\u00e9e de plusieurs professeurs du premier et du second degr\u00e9 de la Loire.<\/p>\n<p>Elle voulait mettre \u00e0 l\u2019honneur ce m\u00e9tier \u00ab\u00a0de gens passionn\u00e9s et engag\u00e9s qui aident \u00e0 avoir une citoyennet\u00e9 \u00e9clair\u00e9e car l\u2019\u00e9cole est un pilier de la R\u00e9publique\u00a0\u00bb. Les inscriptions aux concours de l\u2019enseignement ont commenc\u00e9 et l\u2019\u00c9ducation nationale ne manque pas une occasion pour attirer d\u2019\u00e9ventuels candidats.<\/p>\n<p>\u00ab\u00a0C\u2019est pas forc\u00e9ment le monde des Bisounours qu\u2019on nous vend l\u00e0\u00a0\u00bb<\/p>\n<p>Pendant une heure, devant un auditoire tr\u00e8s majoritairement compos\u00e9&#8230;<\/p>\n","protected":false},"excerpt":{"rendered":"L\u2019op\u00e9ration s\u00e9duction a tourn\u00e9 court. Pourtant l\u2019amphi J01 de l\u2019universit\u00e9 Jean-Monnet \u00e9tait plein \u00e0 craquer pour \u00e9couter la&hellip;\n","protected":false},"author":2,"featured_media":449909,"comment_status":"","ping_status":"","sticky":false,"template":"","format":"standard","meta":{"footnotes":""},"categories":[9653],"tags":[1111,11,2430,7539,1057,1777,674,107,1011,27,3367,12,25,4001,7538,10806],"class_list":{"0":"post-449908","1":"post","2":"type-post","3":"status-publish","4":"format-standard","5":"has-post-thumbnail","7":"category-saint-etienne","8":"tag-actu","9":"tag-actualites","10":"tag-auvergne-rhone-alpes","11":"tag-edition-loire-sud","12":"tag-education","13":"tag-eu","14":"tag-europe","15":"tag-fil-info","16":"tag-fr","17":"tag-france","18":"tag-loire","19":"tag-news","20":"tag-republique-francaise","21":"tag-saint-etienne","22":"tag-saint-etienne-ville","23":"tag-selection-de-la-redaction-42"},"share_on_mastodon":{"url":"https:\/\/pubeurope.com\/@fr\/115344039253498712","error":""},"_links":{"self":[{"href":"https:\/\/www.europesays.com\/fr\/wp-json\/wp\/v2\/posts\/449908","targetHints":{"allow":["GET"]}}],"collection":[{"href":"https:\/\/www.europesays.com\/fr\/wp-json\/wp\/v2\/posts"}],"about":[{"href":"https:\/\/www.europesays.com\/fr\/wp-json\/wp\/v2\/types\/post"}],"author":[{"embeddable":true,"href":"https:\/\/www.europesays.com\/fr\/wp-json\/wp\/v2\/users\/2"}],"replies":[{"embeddable":true,"href":"https:\/\/www.europesays.com\/fr\/wp-json\/wp\/v2\/comments?post=449908"}],"version-history":[{"count":0,"href":"https:\/\/www.europesays.com\/fr\/wp-json\/wp\/v2\/posts\/449908\/revisions"}],"wp:featuredmedia":[{"embeddable":true,"href":"https:\/\/www.europesays.com\/fr\/wp-json\/wp\/v2\/media\/449909"}],"wp:attachment":[{"href":"https:\/\/www.europesays.com\/fr\/wp-json\/wp\/v2\/media?parent=449908"}],"wp:term":[{"taxonomy":"category","embeddable":true,"href":"https:\/\/www.europesays.com\/fr\/wp-json\/wp\/v2\/categories?post=449908"},{"taxonomy":"post_tag","embeddable":true,"href":"https:\/\/www.europesays.com\/fr\/wp-json\/wp\/v2\/tags?post=449908"}],"curies":[{"name":"wp","href":"https:\/\/api.w.org\/{rel}","templated":true}]}}