{"id":449912,"date":"2025-10-09T11:46:14","date_gmt":"2025-10-09T11:46:14","guid":{"rendered":"https:\/\/www.europesays.com\/fr\/449912\/"},"modified":"2025-10-09T11:46:14","modified_gmt":"2025-10-09T11:46:14","slug":"un-nouveau-magasin-va-bientot-ouvrir-au-centre-commercial-shopin-houdemont-pres-de-nancy","status":"publish","type":"post","link":"https:\/\/www.europesays.com\/fr\/449912\/","title":{"rendered":"Un nouveau magasin va bient\u00f4t ouvrir au centre commercial Shop&rsquo;in Houdemont, pr\u00e8s de Nancy"},"content":{"rendered":"<p>            Par<br \/>\n        <strong><br \/>\n            <a href=\"https:\/\/actu.fr\/auteur\/amandine-mehl\" title=\"Consulter tous les articles de Amandine Mehl\" target=\"_blank\" rel=\"noopener\">Amandine Mehl<\/a><br \/>\n        <\/strong><\/p>\n<p>        Publi\u00e9 le<\/p>\n<p>            9 oct. 2025 \u00e0 12h49        <\/p>\n<p>\u00c0 compter du vendredi 10\u00a0octobre 2025, le <strong>centre commercial Shop\u2019in Houdemont<\/strong> accueillera une <strong>nouvelle enseigne<\/strong>. Apr\u00e8s neuf ouvertures dans diff\u00e9rents centres commerciaux du pays, dont <strong>une \u00e0 Metz<\/strong> et <strong>une \u00e0 Thionville<\/strong>, l\u2019enseigne a choisi de s\u2019implanter en Meurthe-et-Moselle.<\/p>\n<p>Le concept store Marquette proposera une soixantaine de marques<\/p>\n<p class=\" wall-content\">Il s\u2019agit du <strong>concept store<\/strong> <strong>Marquette<\/strong>, \u00ab\u2009qui propose une s\u00e9lection pointue d\u2019une soixantaine de marques <strong>parmi les plus tendances et suivies du moment<\/strong>\u2009\u00bb. Cabaia, Faguo, Manucurist, My Jolie Candle, Qwetch\u2026 Les clients pourront d\u00e9couvrir une <strong>large vari\u00e9t\u00e9 de cat\u00e9gories<\/strong> allant des cosm\u00e9tiques au pr\u00eat-\u00e0-porter, des accessoires \u00e0 la d\u00e9coration ou encore \u00e0 l\u2019\u00e9picerie fine.<\/p>\n<p class=\" wall-content\">La boutique proposera ainsi un large choix et profitera d\u2019une <strong>surface de pr\u00e8s de 100 m\u00b2<\/strong>.<\/p>\n<p class=\" wall-content\">Personnalisez votre actualit\u00e9 en ajoutant vos villes et m\u00e9dias en favori avec <a href=\"https:\/\/moncompte.actu.fr\" title=\"D\u00e9couvez Mon Actu\" rel=\"nofollow noopener\" data-trk=\"{&quot;cta&quot;:{&quot;action&quot;:&quot;https:\\\/\\\/moncompte.actu.fr&quot;,&quot;category&quot;:&quot;mon compte&quot;,&quot;from&quot;:&quot;article footer&quot;,&quot;name&quot;:&quot;Mon actu&quot;,&quot;type&quot;:&quot;cta&quot;}}\" target=\"_blank\">Mon Actu<\/a>.<\/p>\n","protected":false},"excerpt":{"rendered":"Par Amandine Mehl Publi\u00e9 le 9 oct. 2025 \u00e0 12h49 \u00c0 compter du vendredi 10\u00a0octobre 2025, le centre&hellip;\n","protected":false},"author":2,"featured_media":449913,"comment_status":"","ping_status":"","sticky":false,"template":"","format":"standard","meta":{"footnotes":""},"categories":[9635],"tags":[1111,11,33,1777,674,1011,27,775,1702,12,3147,25],"class_list":{"0":"post-449912","1":"post","2":"type-post","3":"status-publish","4":"format-standard","5":"has-post-thumbnail","7":"category-nancy","8":"tag-actu","9":"tag-actualites","10":"tag-economie","11":"tag-eu","12":"tag-europe","13":"tag-fr","14":"tag-france","15":"tag-grand-est","16":"tag-nancy","17":"tag-news","18":"tag-nouveaux-commerces","19":"tag-republique-francaise"},"share_on_mastodon":{"url":"https:\/\/pubeurope.com\/@fr\/115344047182899751","error":""},"_links":{"self":[{"href":"https:\/\/www.europesays.com\/fr\/wp-json\/wp\/v2\/posts\/449912","targetHints":{"allow":["GET"]}}],"collection":[{"href":"https:\/\/www.europesays.com\/fr\/wp-json\/wp\/v2\/posts"}],"about":[{"href":"https:\/\/www.europesays.com\/fr\/wp-json\/wp\/v2\/types\/post"}],"author":[{"embeddable":true,"href":"https:\/\/www.europesays.com\/fr\/wp-json\/wp\/v2\/users\/2"}],"replies":[{"embeddable":true,"href":"https:\/\/www.europesays.com\/fr\/wp-json\/wp\/v2\/comments?post=449912"}],"version-history":[{"count":0,"href":"https:\/\/www.europesays.com\/fr\/wp-json\/wp\/v2\/posts\/449912\/revisions"}],"wp:featuredmedia":[{"embeddable":true,"href":"https:\/\/www.europesays.com\/fr\/wp-json\/wp\/v2\/media\/449913"}],"wp:attachment":[{"href":"https:\/\/www.europesays.com\/fr\/wp-json\/wp\/v2\/media?parent=449912"}],"wp:term":[{"taxonomy":"category","embeddable":true,"href":"https:\/\/www.europesays.com\/fr\/wp-json\/wp\/v2\/categories?post=449912"},{"taxonomy":"post_tag","embeddable":true,"href":"https:\/\/www.europesays.com\/fr\/wp-json\/wp\/v2\/tags?post=449912"}],"curies":[{"name":"wp","href":"https:\/\/api.w.org\/{rel}","templated":true}]}}