{"id":449926,"date":"2025-10-09T11:53:12","date_gmt":"2025-10-09T11:53:12","guid":{"rendered":"https:\/\/www.europesays.com\/fr\/449926\/"},"modified":"2025-10-09T11:53:12","modified_gmt":"2025-10-09T11:53:12","slug":"en-images-un-defile-de-mode-a-la-residence-autonomie-lelegance-au-service-du-moral","status":"publish","type":"post","link":"https:\/\/www.europesays.com\/fr\/449926\/","title":{"rendered":"En images. Un d\u00e9fil\u00e9 de mode \u00e0 la r\u00e9sidence autonomie : l\u2019\u00e9l\u00e9gance au service du moral"},"content":{"rendered":"<p>Pour la Semaine bleue, le CCAS de Meylan avait imagin\u00e9 un \u00e9v\u00e9nement aussi inattendu que f\u00e9d\u00e9rateur\u00a0: un d\u00e9fil\u00e9 de mode interg\u00e9n\u00e9rationnel, organis\u00e9 au c\u0153ur de la r\u00e9sidence Pr\u00e9-Blanc, en pr\u00e9sence du maire Philippe Cardin, de Christel Refour, adjointe au social et vice-pr\u00e9sidente du CCAS, et de Florence Guilcher, directrice du centre communal.<\/p>\n","protected":false},"excerpt":{"rendered":"Pour la Semaine bleue, le CCAS de Meylan avait imagin\u00e9 un \u00e9v\u00e9nement aussi inattendu que f\u00e9d\u00e9rateur\u00a0: un d\u00e9fil\u00e9&hellip;\n","protected":false},"author":2,"featured_media":449927,"comment_status":"","ping_status":"","sticky":false,"template":"","format":"standard","meta":{"footnotes":""},"categories":[9566],"tags":[1111,11,2430,1687,112,1777,674,1011,27,5325,2798,2731,108,9597,9598,12,25],"class_list":{"0":"post-449926","1":"post","2":"type-post","3":"status-publish","4":"format-standard","5":"has-post-thumbnail","7":"category-grenoble","8":"tag-actu","9":"tag-actualites","10":"tag-auvergne-rhone-alpes","11":"tag-culture-loisirs","12":"tag-edition-grenoble-agglomeration","13":"tag-eu","14":"tag-europe","15":"tag-fr","16":"tag-france","17":"tag-galerie-media","18":"tag-galerie-photo","19":"tag-grenoble","20":"tag-isere","21":"tag-meylan","22":"tag-meylan-et-autour","23":"tag-news","24":"tag-republique-francaise"},"share_on_mastodon":{"url":"https:\/\/pubeurope.com\/@fr\/115344074666342225","error":""},"_links":{"self":[{"href":"https:\/\/www.europesays.com\/fr\/wp-json\/wp\/v2\/posts\/449926","targetHints":{"allow":["GET"]}}],"collection":[{"href":"https:\/\/www.europesays.com\/fr\/wp-json\/wp\/v2\/posts"}],"about":[{"href":"https:\/\/www.europesays.com\/fr\/wp-json\/wp\/v2\/types\/post"}],"author":[{"embeddable":true,"href":"https:\/\/www.europesays.com\/fr\/wp-json\/wp\/v2\/users\/2"}],"replies":[{"embeddable":true,"href":"https:\/\/www.europesays.com\/fr\/wp-json\/wp\/v2\/comments?post=449926"}],"version-history":[{"count":0,"href":"https:\/\/www.europesays.com\/fr\/wp-json\/wp\/v2\/posts\/449926\/revisions"}],"wp:featuredmedia":[{"embeddable":true,"href":"https:\/\/www.europesays.com\/fr\/wp-json\/wp\/v2\/media\/449927"}],"wp:attachment":[{"href":"https:\/\/www.europesays.com\/fr\/wp-json\/wp\/v2\/media?parent=449926"}],"wp:term":[{"taxonomy":"category","embeddable":true,"href":"https:\/\/www.europesays.com\/fr\/wp-json\/wp\/v2\/categories?post=449926"},{"taxonomy":"post_tag","embeddable":true,"href":"https:\/\/www.europesays.com\/fr\/wp-json\/wp\/v2\/tags?post=449926"}],"curies":[{"name":"wp","href":"https:\/\/api.w.org\/{rel}","templated":true}]}}