{"id":449932,"date":"2025-10-09T11:56:09","date_gmt":"2025-10-09T11:56:09","guid":{"rendered":"https:\/\/www.europesays.com\/fr\/449932\/"},"modified":"2025-10-09T11:56:09","modified_gmt":"2025-10-09T11:56:09","slug":"quatre-dealers-condamnes-par-la-justice","status":"publish","type":"post","link":"https:\/\/www.europesays.com\/fr\/449932\/","title":{"rendered":"quatre dealers condamn\u00e9s par la Justice"},"content":{"rendered":"<p>            Par<br \/>\n        <strong><br \/>\n            <a href=\"https:\/\/actu.fr\/auteur\/redaction-rennes\" title=\"Consulter tous les articles de R\u00e9daction Rennes\" target=\"_blank\" rel=\"noopener\">R\u00e9daction Rennes<\/a><br \/>\n        <\/strong><\/p>\n<p>        Publi\u00e9 le<\/p>\n<p>            9 oct. 2025 \u00e0 12h51        <\/p>\n<p>Le tribunal correctionnel de Rennes a jug\u00e9, mardi 7\u00a0octobre 2025,<a href=\"https:\/\/actu.fr\/bretagne\/rennes_35238\/kalachnikov-dans-un-bus-college-confine-proces-imminent-pour-les-auteurs-des-fusillades-du-blosne-fin-2023_62647798.html\" target=\"_blank\" rel=\"noopener\"> <strong>quatre hommes \u00e2g\u00e9s de 21 \u00e0 41\u00a0ans<\/strong> qui ont pris part \u00e0 <strong>un trafic d\u2019h\u00e9ro\u00efne<\/strong><\/a> au 4, place du Banat, dans le quartier du Blosne \u00e0 Rennes (Ille-et-Vilaine), et qui avait donn\u00e9 lieu \u00e0 deux \u00e9pisodes de <a href=\"https:\/\/actu.fr\/bretagne\/rennes_35238\/rennes-coups-de-feu-armes-de-guerre-nouvelles-violences-au-blosne_60441996.html\" target=\"_blank\" rel=\"noopener\">fusillades en d\u00e9cembre\u00a02023.<\/a>\u00a0<strong>L\u2019enqu\u00eate ouverte<\/strong> en avril 2023 suite \u00e0 \u00ab\u2009des observations multiples\u2009\u00bb sur la place du Banat<strong> a bien failli ne jamais arriver jusqu\u2019\u00e0 la justice.<\/strong><\/p>\n<p>Un dossier \u00ab\u2009qui a du plomb dans l\u2019aile\u2009\u00bb<\/p>\n<p class=\" wall-content\">En janvier 2024, alors qu\u2019<strong>une op\u00e9ration d\u2019envergure<\/strong> avait \u00e9t\u00e9 mise en place pour interpeller une quinzaine de trafiquants de drogue du Blosne, mobilisant <strong>160 fonctionnaires d\u00e9ploy\u00e9s<\/strong> au niveau du parking du Castorama de Saint-Jacques-de-la-Lande, <strong>une voiture balis\u00e9e<\/strong> par la police \u00e9tait arriv\u00e9e au niveau des enqu\u00eateurs <strong>pour narguer<\/strong> des forces de l\u2019ordre, qui avaient <strong>d\u00fb lever le camp.<\/strong><\/p>\n<p class=\" wall-content\">\u00c0 l\u2019\u00e9poque, \u00ab\u2009on pense que ce dossier a du plomb dans l\u2019aile\u2009\u00bb, souligne d\u2019ailleurs le pr\u00e9sident du tribunal, au premier jour de ce proc\u00e8s, o\u00f9 comparaissent cinq hommes de Rennes et Montreuil-le-Gast pendant deux jours;<\/p>\n<p class=\" wall-content\"><strong>L\u2019enjeu est pourtant de taille<\/strong>\u2009: quelques semaines plus t\u00f4t, les 6 et 9\u00a0d\u00e9cembre 2023, les armes ont parl\u00e9, au point que <strong>les images dignes de sc\u00e8nes de guerre<\/strong> feront la une des cha\u00eenes d\u2019information en continu durant plusieurs jours.<\/p>\n<p>\u00ab\u2009Le temps que la police monte, on a le temps de voir venir\u2009\u00bb<\/p>\n<p class=\" wall-content\">Quelques mois plus tard, pourtant, les enqu\u00eateurs rennais constatent que<strong> le trafic \u00ab\u2009se r\u00e9organise et continue\u2009\u00bb<\/strong>\u2009: <strong>des consommateurs d\u2019h\u00e9ro\u00efne<\/strong> vont \u00eatre entendus. Certains expliquent alors qu\u2019apr\u00e8s avoir \u00ab\u2009d\u00e9pens\u00e9\u2009\u00bb tout leur argent dans la consommation de ce puissant opio\u00efde aux \u00ab\u2009risques addictifs tr\u00e8s rapides\u2009\u00bb, ils <strong>ont fini par accepter de \u00ab\u2009travailler\u2009\u00bb pour les trafiquants,<\/strong> parfois quitte \u00e0 travailler \u00ab\u200924h\/24\u2009\u00bb sans dormir, avec \u00ab\u2009de la coke pour pouvoir tenir\u2009\u00bb, contre une r\u00e9mun\u00e9ration sous forme de doses d\u2019h\u00e9ro\u00efne.<\/p>\n<p class=\" wall-content\">Certains d\u2019entre eux ont ainsi pris <strong>des fonctions \u00ab\u2009au 7\u1d49 \u00e9tage\u2009\u00bb d\u2019une tour<\/strong> situ\u00e9e sur la place du Banat. Pourquoi si haut\u2009? \u00ab\u2009Le temps que la police monte, on a le temps de voir venir\u2009\u00bb, dira une petite main de ce trafic.<\/p>\n<p>Votre r\u00e9gion, votre actu !<\/p>\n<p>Recevez chaque jour les infos qui comptent pour vous.<\/p>\n<p>\t<a href=\"https:\/\/actu.fr\/newsletter\" class=\"ac-btn ac-btn--corner ac-btn--medium ac-btn--blue800\" target=\"_blank\" rel=\"noopener\">S&rsquo;incrire<\/a><\/p>\n<p class=\" wall-content\"><strong>Une toxicomane,<\/strong> elle, avait d\u00fb <strong>\u00ab\u2009faire le m\u00e9nage\u2009\u00bb<\/strong> dans l\u2019appartement, puis \u00ab\u2009d\u00e9couper\u2009\u00bb la marchandise pour la confectionner en \u00ab\u2009bonbonnes\u2009\u00bb, en \u00e9change de sa \u00ab\u2009consommation\u2009\u00bb.<\/p>\n<p>Deux fr\u00e8res \u00ab\u2009nourrices\u2009\u00bb<\/p>\n<p class=\" wall-content\"><strong>Jimmy<\/strong> <strong>et<\/strong> <strong>Jonathan, deux fr\u00e8res<\/strong> de 39 et 41\u00a0ans bien connus de la justice et qui vivaient en colocation \u00e0 Montreuil-le-Gast, ont ainsi servi de <strong>\u00ab\u2009nourrices\u2009\u00bb. <\/strong>Ils comparaissent d\u00e9tenus aux c\u00f4t\u00e9s d\u2019Adam, 27\u00a0ans, dit \u00ab\u2009Doums\u2009\u00bb et consid\u00e9r\u00e9 par l\u2019accusation comme un \u00ab\u2009superviseur\u2009\u00bb.<\/p>\n<p class=\" wall-content\">En sept mois, le jeune homme a ainsi<strong> chang\u00e9 \u00ab\u200918\u00a0fois\u2009\u00bb de lignes t\u00e9l\u00e9phoniques<\/strong>, r\u00e9alis\u00e9 <strong>\u00ab\u200929 trajets\u2009\u00bb suspects<\/strong> entre juin\u00a02023 et janvier\u00a02024 \u00e0 Laval (Mayenne), Angers (Maine-et-Loire), Villejuif (Val-de-Marne), Courbevoie (Hauts-de-Seine), Noisy-le-Sec, Montreuil, Bagnolet (Seine-Saint-Denis) ou encore dans le Val-d\u2019Oise\u2009: \u00e0 chaque d\u00e9placement r\u00e9alis\u00e9 en pleine nuit, le Rennais marquait des arr\u00eats de quelques minutes avant de repartir.<\/p>\n<p class=\" wall-content\">Juste apr\u00e8s les fusillades de d\u00e9cembre 2023 \u2013 qui font l\u2019objet d\u2019une information judiciaire distincte -, le jeune homme coutumier des h\u00f4tels en banlieue rennaise laissera entendre dans une conversation avec sa compagne intercept\u00e9e par les enqu\u00eateurs qu\u2019on lui avait \u00ab\u2009vol\u00e9 deux trucs\u2009\u00bb. <strong>\u00ab\u2009Heureusement qu\u2019il n\u2019y a pas eu de mort\u2009\u00bb<\/strong>, dira par ailleurs celui qui avait pris la fuite apr\u00e8s les tirs, et qui sera interpell\u00e9 \u00e0 Dinard (C\u00f4tes-d\u2019Armor) bien plus tard, en juin\u00a02024.<\/p>\n<p>Prison ferme<\/p>\n<p class=\" wall-content\">Mardi 7\u00a0octobre 2025, la procureure de la R\u00e9publique avait requis la peine la plus haute \u00e0 son encontre, \u00e0 savoir \u00ab\u2009six \u00e0 sept ans\u2009\u00bb de d\u00e9tention. <strong>Adam<\/strong> a finalement \u00e9cop\u00e9 de <strong>six ans de prison ferme<\/strong>. \u00ab\u2009Vous encouriez vingt ans de prison et vous veniez d\u2019\u00eatre condamn\u00e9 lorsque vous avez commis les faits\u2009\u00bb, lui a expliqu\u00e9 le pr\u00e9sident.<\/p>\n<p class=\" wall-content\"><strong>Les deux fr\u00e8res \u00ab\u2009nourrices\u2009\u00bb<\/strong> \u00e9copent de <strong>deux ans et deux ans<\/strong>\u00a0<strong>et demi de prison ferme.<\/strong> \u00c0 l\u2019issue, ils seront soumis \u00e0 un sursis probatoire pendant deux ans, durant lesquels ils auront obligation de <strong>suivre des soins, de travailler et de fixer leur r\u00e9sidence<\/strong>. Le \u00ab\u2009missionnaire\u2009\u00bb du trafic \u00e9cope, lui, de deux ans de prison ferme. Avec la d\u00e9tention provisoire d\u00e9j\u00e0 effectu\u00e9e, ces trois-l\u00e0 devraient sortir d\u2019ici \u00e0 quelques semaines.<\/p>\n<p>Un autre homme relax\u00e9<\/p>\n<p class=\" wall-content\">Un cinqui\u00e8me homme de 26\u00a0ans, <strong>Akram,<\/strong> a pour sa part \u00e9t\u00e9 <strong>totalement relax\u00e9,<\/strong> conform\u00e9ment \u00e0 ce qu\u2019avaient sollicit\u00e9 ses avocats, Mes Clarisse Serre et J\u00e9r\u00f4me St\u00e9phan.<\/p>\n<p class=\" wall-content\">Lors de sa plaidoirie, la p\u00e9naliste de Bobigny avait chirurgicalement d\u00e9mont\u00e9 chacun des \u00e9l\u00e9ments accusatoires de ce dossier dans lequel le jeune homme \u2013 absent lors du proc\u00e8s \u2013 \u00e9tait soup\u00e7onn\u00e9 d\u2019\u00eatre une t\u00eate de r\u00e9seau. <strong>Tous ont dix jours pour faire appel,<\/strong> le parquet de Rennes y compris.<\/p>\n<p class=\" wall-content\"><strong>CB (PressPepper)<\/strong><\/p>\n<p class=\" wall-content\">Personnalisez votre actualit\u00e9 en ajoutant vos villes et m\u00e9dias en favori avec <a href=\"https:\/\/moncompte.actu.fr\" title=\"D\u00e9couvez Mon Actu\" rel=\"nofollow noopener\" data-trk=\"{&quot;cta&quot;:{&quot;action&quot;:&quot;https:\\\/\\\/moncompte.actu.fr&quot;,&quot;category&quot;:&quot;mon compte&quot;,&quot;from&quot;:&quot;article footer&quot;,&quot;name&quot;:&quot;Mon actu&quot;,&quot;type&quot;:&quot;cta&quot;}}\" target=\"_blank\">Mon Actu<\/a>.<\/p>\n","protected":false},"excerpt":{"rendered":"Par R\u00e9daction Rennes Publi\u00e9 le 9 oct. 2025 \u00e0 12h51 Le tribunal correctionnel de Rennes a jug\u00e9, mardi&hellip;\n","protected":false},"author":2,"featured_media":449933,"comment_status":"","ping_status":"","sticky":false,"template":"","format":"standard","meta":{"footnotes":""},"categories":[2821],"tags":[1111,11,829,1777,674,118,1011,27,303,7905,12,1072,584,25],"class_list":{"0":"post-449932","1":"post","2":"type-post","3":"status-publish","4":"format-standard","5":"has-post-thumbnail","7":"category-rennes","8":"tag-actu","9":"tag-actualites","10":"tag-bretagne","11":"tag-eu","12":"tag-europe","13":"tag-faits-divers","14":"tag-fr","15":"tag-france","16":"tag-justice","17":"tag-le-blosne","18":"tag-news","19":"tag-police","20":"tag-rennes","21":"tag-republique-francaise"},"share_on_mastodon":{"url":"","error":""},"_links":{"self":[{"href":"https:\/\/www.europesays.com\/fr\/wp-json\/wp\/v2\/posts\/449932","targetHints":{"allow":["GET"]}}],"collection":[{"href":"https:\/\/www.europesays.com\/fr\/wp-json\/wp\/v2\/posts"}],"about":[{"href":"https:\/\/www.europesays.com\/fr\/wp-json\/wp\/v2\/types\/post"}],"author":[{"embeddable":true,"href":"https:\/\/www.europesays.com\/fr\/wp-json\/wp\/v2\/users\/2"}],"replies":[{"embeddable":true,"href":"https:\/\/www.europesays.com\/fr\/wp-json\/wp\/v2\/comments?post=449932"}],"version-history":[{"count":0,"href":"https:\/\/www.europesays.com\/fr\/wp-json\/wp\/v2\/posts\/449932\/revisions"}],"wp:featuredmedia":[{"embeddable":true,"href":"https:\/\/www.europesays.com\/fr\/wp-json\/wp\/v2\/media\/449933"}],"wp:attachment":[{"href":"https:\/\/www.europesays.com\/fr\/wp-json\/wp\/v2\/media?parent=449932"}],"wp:term":[{"taxonomy":"category","embeddable":true,"href":"https:\/\/www.europesays.com\/fr\/wp-json\/wp\/v2\/categories?post=449932"},{"taxonomy":"post_tag","embeddable":true,"href":"https:\/\/www.europesays.com\/fr\/wp-json\/wp\/v2\/tags?post=449932"}],"curies":[{"name":"wp","href":"https:\/\/api.w.org\/{rel}","templated":true}]}}