{"id":449941,"date":"2025-10-09T12:01:12","date_gmt":"2025-10-09T12:01:12","guid":{"rendered":"https:\/\/www.europesays.com\/fr\/449941\/"},"modified":"2025-10-09T12:01:12","modified_gmt":"2025-10-09T12:01:12","slug":"le-muscadet-a-le-droit-a-son-propre-salon-a-nantes","status":"publish","type":"post","link":"https:\/\/www.europesays.com\/fr\/449941\/","title":{"rendered":"Le muscadet a le droit \u00e0 son propre salon \u00e0 Nantes"},"content":{"rendered":"<p>Passionn\u00e9e de vin, \u0153nologue reconnue, Johanna Fleck avait d\u00e9j\u00e0 organis\u00e9 Bar bar wines, avec Bertrand Queff, un salon des vins un peu atypique qui r\u00e9unissait les vignerons rugbymen. Vendredi, elle met en avant le muscadet.<\/p>\n<p>\u00ab\u00a0Remettre en avant la richesse du vignoble nantais\u00a0\u00bb<\/p>\n<p>\u00a0J\u2019ai eu envie de pr\u00e9senter \u00e0 nos clients les dix crus communaux pour remettre en avant la richesse du vignoble nantais\u00a0: Clisson (domaine Bruno Cormerais et Jardin d\u2019\u00c9douard), Gorges (domaine Le Fay d\u2019homme), Le Pallet, Goulaine (domaine Rapha\u00ebl Luneau R de la Grange), Ch\u00e2teau-Th\u00e9baud (Jardin d\u2019\u00c9douard, domaine Haute F\u00e9vrie et domaine Poiron Dabin), Monni\u00e8res-Saint-Fiacre (Les Vignes Saint-Vincent et domaine Haute F\u00e9vrie), Mouzillon-Tilli\u00e8res (domaine du Colombier), La Haye Fouassi\u00e8re (domaine Les trois toits), Vallet (domaine Orieux) et Champtoceaux (domaine du Champ Chapron). Il y aura parfois plusieurs mill\u00e9simes sur certains crus et plusieurs vignerons pr\u00e9senteront d\u2019autres p\u00e9pites (domaine Basse Ville de La Chapelle-Heulin, domaine \u00c9ric Chevalier de Saint-Philbert-de-Grand-Lieu, domaine des No\u00e9s du Pallet).\u00a0<\/p>\n<p>Des d\u00e9gustations pour les amateurs de vins<\/p>\n<p>D\u00e8s 11\u00a0h le matin, le Marietta proposera des d\u00e9gustations \u00e0 l\u2019\u00e9tage pour les amateurs de vins et ses clients qui viendront d\u00e9jeuner. L\u2019apr\u00e8s-midi, le salon se poursuit et le soir \u00e0 partir de 19\u00a0h, la soir\u00e9e se poursuit par une tabl\u00e9e conviviale avec les vignerons (Vincent Caill\u00e9, Rapha\u00ebl Luneau, Michel et Matthieu Delhommeau, Laurence et Romain Agoulon, Maxime et Bruno Cormerais, Jean-Yves Bretaudeau, Jean-Louis Bossard, Carmen et Olivier Suteau, St\u00e9phane Orieux, \u00c9ric Chevalier, Jean-Michel et Laurent Poiron, Vincent Barbier et \u00c9douard Massart). Au menu Rougail saucisses 13\u00a0\u20ac et d\u00e9gustations de vins \u00e0 table.<\/p>\n<p>Restaurant Marietta, 11,\u00a0rue de la Tour d\u2019Auvergne, d\u00e9gustations de 11\u00a0h \u00e0 19\u00a0h.<\/p>\n<p>\u00a0<\/p>\n","protected":false},"excerpt":{"rendered":"Passionn\u00e9e de vin, \u0153nologue reconnue, Johanna Fleck avait d\u00e9j\u00e0 organis\u00e9 Bar bar wines, avec Bertrand Queff, un salon&hellip;\n","protected":false},"author":2,"featured_media":449942,"comment_status":"","ping_status":"","sticky":false,"template":"","format":"standard","meta":{"footnotes":""},"categories":[2818],"tags":[1111,11,6084,1777,674,1011,27,4187,766,12,2636,16648,25,6290],"class_list":{"0":"post-449941","1":"post","2":"type-post","3":"status-publish","4":"format-standard","5":"has-post-thumbnail","7":"category-nantes","8":"tag-actu","9":"tag-actualites","10":"tag-droit","11":"tag-eu","12":"tag-europe","13":"tag-fr","14":"tag-france","15":"tag-muscadet","16":"tag-nantes","17":"tag-news","18":"tag-pays-de-la-loire","19":"tag-propre","20":"tag-republique-francaise","21":"tag-salon"},"share_on_mastodon":{"url":"https:\/\/pubeurope.com\/@fr\/115344106103335732","error":""},"_links":{"self":[{"href":"https:\/\/www.europesays.com\/fr\/wp-json\/wp\/v2\/posts\/449941","targetHints":{"allow":["GET"]}}],"collection":[{"href":"https:\/\/www.europesays.com\/fr\/wp-json\/wp\/v2\/posts"}],"about":[{"href":"https:\/\/www.europesays.com\/fr\/wp-json\/wp\/v2\/types\/post"}],"author":[{"embeddable":true,"href":"https:\/\/www.europesays.com\/fr\/wp-json\/wp\/v2\/users\/2"}],"replies":[{"embeddable":true,"href":"https:\/\/www.europesays.com\/fr\/wp-json\/wp\/v2\/comments?post=449941"}],"version-history":[{"count":0,"href":"https:\/\/www.europesays.com\/fr\/wp-json\/wp\/v2\/posts\/449941\/revisions"}],"wp:featuredmedia":[{"embeddable":true,"href":"https:\/\/www.europesays.com\/fr\/wp-json\/wp\/v2\/media\/449942"}],"wp:attachment":[{"href":"https:\/\/www.europesays.com\/fr\/wp-json\/wp\/v2\/media?parent=449941"}],"wp:term":[{"taxonomy":"category","embeddable":true,"href":"https:\/\/www.europesays.com\/fr\/wp-json\/wp\/v2\/categories?post=449941"},{"taxonomy":"post_tag","embeddable":true,"href":"https:\/\/www.europesays.com\/fr\/wp-json\/wp\/v2\/tags?post=449941"}],"curies":[{"name":"wp","href":"https:\/\/api.w.org\/{rel}","templated":true}]}}