{"id":449952,"date":"2025-10-09T12:07:11","date_gmt":"2025-10-09T12:07:11","guid":{"rendered":"https:\/\/www.europesays.com\/fr\/449952\/"},"modified":"2025-10-09T12:07:11","modified_gmt":"2025-10-09T12:07:11","slug":"une-femme-prend-la-direction-du-gigantesque-centre-commercial","status":"publish","type":"post","link":"https:\/\/www.europesays.com\/fr\/449952\/","title":{"rendered":"une femme prend la direction du gigantesque centre commercial"},"content":{"rendered":"<p>            Par<br \/>\n        <strong><br \/>\n            <a href=\"https:\/\/actu.fr\/auteur\/margot-nicodeme\" title=\"Consulter tous les articles de Margot Nicod\u00e8me\" target=\"_blank\" rel=\"noopener\">Margot Nicod\u00e8me<\/a><br \/>\n        <\/strong><\/p>\n<p>        Publi\u00e9 le<\/p>\n<p>            9 oct. 2025 \u00e0 14h00        <\/p>\n<p>Le<b> centre commercial Westfield Euralille<\/b> qui fait face \u00e0 la gare <a href=\"https:\/\/actu.fr\/tag\/lille-flandres\" target=\"_blank\" rel=\"noopener\">Lille-Flandres<\/a> affichait une sant\u00e9 financi\u00e8re au top en 2024. Sous l\u2019impulsion de son directeur J\u00e9r\u00e9my Desprets, les lieux <a href=\"https:\/\/actu.fr\/hauts-de-france\/lille_59350\/westfield-euralille-accueille-ce-geant-du-discount-qui-a-deja-deux-magasins-a-lille_62082181.html\" target=\"_blank\" rel=\"noopener\">avaient gagn\u00e9 pr\u00e8s d\u2019un million de visiteurs<\/a> en l\u2019espace d\u2019une ann\u00e9e. Arriv\u00e9es constantes de <a href=\"https:\/\/actu.fr\/hauts-de-france\/lille_59350\/westfield-euralille-accueille-ce-geant-du-discount-qui-a-deja-deux-magasins-a-lille_62082181.html\" target=\"_blank\" rel=\"noopener\">nouvelles enseignes attractive<\/a><a href=\"https:\/\/actu.fr\/hauts-de-france\/lille_59350\/westfield-euralille-accueille-ce-geant-du-discount-qui-a-deja-deux-magasins-a-lille_62082181.html\" target=\"_blank\" rel=\"noopener\">s<\/a>, concerts donn\u00e9s par <a href=\"https:\/\/actu.fr\/hauts-de-france\/lille_59350\/lille-marine-la-gagnante-de-la-star-academy-attire-une-foule-immense-chez-westfield-euralille_62405083.html\" target=\"_blank\" rel=\"noopener\">les idoles des jeunes<\/a>, <a href=\"https:\/\/actu.fr\/hauts-de-france\/lille_59350\/lille-emploi-plus-de-150-postes-a-pourvoir-a-westfield-euralille_63260623.html\" target=\"_blank\" rel=\"noopener\">grand job dating<\/a>\u2026 La formule dynamique attire toujours plus les foules. Ce directeur s\u2019en est all\u00e9 en septembre\u00a02025, pour <b>laisser place \u00e0 une directrice<\/b>, d\u00e9termin\u00e9e \u00e0 maintenir le cap du succ\u00e8s.<\/p>\n<p>Le centre commercial Westfield Euralille a une nouvelle directrice en octobre\u00a02025<\/p>\n<p class=\" wall-content\">Cette femme \u00e0 la t\u00eate du gigantesque centre depuis le 1er\u00a0octobre, c\u2019est\u00a0<b>Louise Minne<\/b>. Elle conna\u00eet d\u00e9j\u00e0 bien la strat\u00e9gie mise en place, puisqu\u2019elle \u00e9tait jusqu\u2019alors, et <b>depuis 3\u00a0ans, la directrice adjointe<\/b> de Westfield Euralille. Plus largement, elle est dans le groupe Unibail-Rodamco-Westfield (URW) depuis 7\u00a0ann\u00e9es.<\/p>\n<p>    <img   decoding=\"async\" loading=\"lazy\" class=\"size-large\" src=\"https:\/\/www.europesays.com\/fr\/wp-content\/uploads\/2025\/10\/5e5b514377e86126b514377e8f56b5v-960x640.jpg\" alt=\"Louise Minne est la nouvelle directrice de Westfield Euralille, au 1er octobre 2025. Elle a obtenu son dipl\u00f4me \u00e0 l'IAE de Lille (Nord).\" width=\"960\" height=\"640\"\/><br \/>\n    Louise Minne est la nouvelle directrice de Westfield Euralille, au 1er\u00a0octobre 2025. Elle a obtenu son dipl\u00f4me \u00e0 l\u2019IAE de Lille (Nord). \u00a9Westfield Euralille<\/p>\n<p class=\" wall-content\">Louise Minne reprendra les missions de gestion et d\u2019exploitation du centre lillois, mais aussi de d\u00e9veloppement des partenariats et d\u2019enrichissement de l\u2019offre. Au sujet de son parcours, la nouvelle directrice a \u00e9t\u00e9 dipl\u00f4m\u00e9e d\u2019un master 2 en marketing et commerce \u00e0 <a href=\"https:\/\/actu.fr\/hauts-de-france\/lille_59350\/la-mairie-de-lille-veut-installer-une-partie-du-futur-palais-de-justice-dans-les-locaux-de-liae_61021982.html\" target=\"_blank\" rel=\"noopener\">l\u2019IAE de Lille<\/a>, avant d\u2019int\u00e9grer le groupe URW en 2018. Elle a notamment occup\u00e9 un poste \u00e0 Westfield Les Temps \u2013 CNIT \u00e0 La D\u00e9fense \u00e0 Paris.<\/p>\n<p class=\" wall-content\">J\u00e9r\u00e9my Desprets, de son c\u00f4t\u00e9, reste au sein du groupe\u2009: il a pris la direction de<b> Westfield Forum des Halles \u00e0 Paris<\/b>.<\/p>\n<p class=\" wall-content\">Personnalisez votre actualit\u00e9 en ajoutant vos villes et m\u00e9dias en favori avec <a href=\"https:\/\/moncompte.actu.fr\" title=\"D\u00e9couvez Mon Actu\" rel=\"nofollow noopener\" data-trk=\"{&quot;cta&quot;:{&quot;action&quot;:&quot;https:\\\/\\\/moncompte.actu.fr&quot;,&quot;category&quot;:&quot;mon compte&quot;,&quot;from&quot;:&quot;article footer&quot;,&quot;name&quot;:&quot;Mon actu&quot;,&quot;type&quot;:&quot;cta&quot;}}\" target=\"_blank\">Mon Actu<\/a>.<\/p>\n","protected":false},"excerpt":{"rendered":"Par Margot Nicod\u00e8me Publi\u00e9 le 9 oct. 2025 \u00e0 14h00 Le centre commercial Westfield Euralille qui fait face&hellip;\n","protected":false},"author":2,"featured_media":449953,"comment_status":"","ping_status":"","sticky":false,"template":"","format":"standard","meta":{"footnotes":""},"categories":[2815],"tags":[1111,11,215,33,1777,674,1011,27,811,1307,34723,12,25],"class_list":{"0":"post-449952","1":"post","2":"type-post","3":"status-publish","4":"format-standard","5":"has-post-thumbnail","7":"category-lille","8":"tag-actu","9":"tag-actualites","10":"tag-commerce","11":"tag-economie","12":"tag-eu","13":"tag-europe","14":"tag-fr","15":"tag-france","16":"tag-hauts-de-france","17":"tag-lille","18":"tag-lille-flandres","19":"tag-news","20":"tag-republique-francaise"},"share_on_mastodon":{"url":"https:\/\/pubeurope.com\/@fr\/115344129804894573","error":""},"_links":{"self":[{"href":"https:\/\/www.europesays.com\/fr\/wp-json\/wp\/v2\/posts\/449952","targetHints":{"allow":["GET"]}}],"collection":[{"href":"https:\/\/www.europesays.com\/fr\/wp-json\/wp\/v2\/posts"}],"about":[{"href":"https:\/\/www.europesays.com\/fr\/wp-json\/wp\/v2\/types\/post"}],"author":[{"embeddable":true,"href":"https:\/\/www.europesays.com\/fr\/wp-json\/wp\/v2\/users\/2"}],"replies":[{"embeddable":true,"href":"https:\/\/www.europesays.com\/fr\/wp-json\/wp\/v2\/comments?post=449952"}],"version-history":[{"count":0,"href":"https:\/\/www.europesays.com\/fr\/wp-json\/wp\/v2\/posts\/449952\/revisions"}],"wp:featuredmedia":[{"embeddable":true,"href":"https:\/\/www.europesays.com\/fr\/wp-json\/wp\/v2\/media\/449953"}],"wp:attachment":[{"href":"https:\/\/www.europesays.com\/fr\/wp-json\/wp\/v2\/media?parent=449952"}],"wp:term":[{"taxonomy":"category","embeddable":true,"href":"https:\/\/www.europesays.com\/fr\/wp-json\/wp\/v2\/categories?post=449952"},{"taxonomy":"post_tag","embeddable":true,"href":"https:\/\/www.europesays.com\/fr\/wp-json\/wp\/v2\/tags?post=449952"}],"curies":[{"name":"wp","href":"https:\/\/api.w.org\/{rel}","templated":true}]}}