{"id":449969,"date":"2025-10-09T12:17:18","date_gmt":"2025-10-09T12:17:18","guid":{"rendered":"https:\/\/www.europesays.com\/fr\/449969\/"},"modified":"2025-10-09T12:17:18","modified_gmt":"2025-10-09T12:17:18","slug":"voici-les-4-meilleurs-jambon-beurre-de-paris","status":"publish","type":"post","link":"https:\/\/www.europesays.com\/fr\/449969\/","title":{"rendered":"Voici les 4 meilleurs jambon-beurre de Paris"},"content":{"rendered":"<p>C\u2019est le sandwich pr\u00e9f\u00e9r\u00e9 des Fran\u00e7ais\u00b7e\u00b7s\u00a0: <strong>le jambon-beurre<\/strong>. N\u00e9 aux Halles au d\u00e9but du si\u00e8cle dernier, les ouvriers parisiens prenaient \u00e0 l\u2019\u00e9poque une tranche de pain de campagne, la recouvraient de saindoux avec une viande de la veille. C\u2019est ensuite <strong>dans les ann\u00e9es 1930<\/strong> qu\u2019il a \u00e9t\u00e9 popularis\u00e9, jusqu\u2019\u00e0 devenir <strong>le sandwich fran\u00e7ais le plus mythique<\/strong>, pris\u00e9 par les Parisien\u00b7ne\u00b7s comme par les voyageur\u00b7euse\u00b7s du monde entier. Et aujourd\u2019hui, on a d\u00e9cid\u00e9 de tester pour vous <strong>les 4 meilleurs de la capitale<\/strong>. Suivez-nous.\u00a0<\/p>\n<p>Le Petit Vend\u00f4me<\/p>\n<p>On commence au <strong>Petit Vend\u00f4me, le temple du casse-cro\u00fbte depuis 1960<\/strong> o\u00f9 Gilles, le patron, nous a livr\u00e9 tous ses petits secrets de son iconique <strong>jambon-beurre pr\u00e9par\u00e9 minute<\/strong>. Selon lui, il y a cinq caract\u00e9ristiques pour faire un tr\u00e8s bon jambon-beurre\u00a0: une tr\u00e8s jolie baguette (demi-baguette enti\u00e8re par sandwich)\u00a0; le beurre de baratte venu tout droit d\u2019une bonne maison normande\u00a0; la qualit\u00e9 des charcuteries (que la maison garde secr\u00e8te)\u00a0; et enfin, la g\u00e9n\u00e9rosit\u00e9. Et effectivement, on comprend pourquoi <strong>il a \u00e9t\u00e9 \u00e9lu <a href=\"https:\/\/www.lebonbon.fr\/paris\/les-tops-food-et-drink\/les-11-meilleurs-sandwichs-de-paris-pour-manger-sur-le-pouce\/\" rel=\"nofollow noopener\" target=\"_blank\">meilleur sandwich<\/a> du monde<\/strong>\u00a0!<\/p>\n<blockquote class=\"instagram-media\" data-instgrm-permalink=\"https:\/\/www.instagram.com\/p\/CUXJDrCNcKk\/?utm_source=ig_embed&amp;utm_campaign=loading\" data-instgrm-version=\"14\" style=\"background: #FFF; border: 0; border-radius: 3px; box-shadow: 0 0 1px 0 rgba(0,0,0,0.5),0 1px 10px 0 rgba(0,0,0,0.15); margin: 1px; max-width: 540px; min-width: 326px; padding: 0; width: calc(100% - 2px);\">\n<\/blockquote>\n<p>Le Petit Vend\u00f4me<\/p>\n<li class=\"address info\">8, rue des Capucines  \u2013 2e<\/li>\n<li class=\"opening-hours\">Lundi : 8:30 &#8211; 16:00<\/li>\n<li class=\"opening-hours\">Mardi &#8211; vendredi : 8:30 &#8211; 2:00<\/li>\n<li class=\"opening-hours\">Samedi : 10:00 &#8211; 2:00<\/li>\n<li class=\"opening-hours close\">Dimanche : Ferm\u00e9<\/li>\n<p>Le Comptoir du Ritz<\/p>\n<p>Dans un autre style, c\u2019est au Comptoir du Ritz que l\u2019on peut go\u00fbter la <strong>version moderne (et haut de gamme) du jambon-beurre<\/strong>, qui a pas mal \u00e9volu\u00e9 depuis sa cr\u00e9ation. Comptez tout de m\u00eame <strong>15\u20ac pour cette cr\u00e9ation feuillet\u00e9e <\/strong>au comt\u00e9 affin\u00e9 18 mois et au beurre de moutarde \u00e0 l\u2019ancienne.\u00a0<\/p>\n<blockquote class=\"instagram-media\" data-instgrm-permalink=\"https:\/\/www.instagram.com\/p\/DNuvTnlXpCi\/?utm_source=ig_embed&amp;utm_campaign=loading\" data-instgrm-version=\"14\" style=\"background: #FFF; border: 0; border-radius: 3px; box-shadow: 0 0 1px 0 rgba(0,0,0,0.5),0 1px 10px 0 rgba(0,0,0,0.15); margin: 1px; max-width: 540px; min-width: 326px; padding: 0; width: calc(100% - 2px);\">\n<\/blockquote>\n<p>Ritz Paris Le Comptoir<\/p>\n<li class=\"opening-hours\">Dimanche : 9:00 &#8211; 19:00<\/li>\n<li class=\"opening-hours\">Lundi &#8211; samedi : 8:00 &#8211; 20:00<\/li>\n<p>Ritz Paris Le Comptoir S\u00e8vres<\/p>\n<li class=\"address info\">45, rue de S\u00e8vres  \u2013 6e<\/li>\n<li class=\"opening-hours\">Lundi &#8211; samedi : 9:00 &#8211; 20:00<\/li>\n<li class=\"opening-hours\">Dimanche : 10:00 &#8211; 20:00<\/li>\n<p>Caract\u00e8re de Cochon<\/p>\n<p>Ensuite, rendez-vous chez Caract\u00e8re de Cochon. Dans cette <strong>cave \u00e0 jambon du Marais<\/strong>, le ma\u00eetre des lieux, Solo, nous livre ses pr\u00e9cieux conseils pour <strong>composer le sandwich de vos r\u00eaves<\/strong>. Nous, on est parti\u00b7e\u00b7s sur une charcuterie persill\u00e9e du nord de l\u2019Europe, et c\u2019\u00e9tait hyper go\u00fbtu\u00a0!<\/p>\n<blockquote class=\"instagram-media\" data-instgrm-permalink=\"https:\/\/www.instagram.com\/p\/C_nGbbAIBU7\/?utm_source=ig_embed&amp;utm_campaign=loading\" data-instgrm-version=\"14\" style=\"background: #FFF; border: 0; border-radius: 3px; box-shadow: 0 0 1px 0 rgba(0,0,0,0.5),0 1px 10px 0 rgba(0,0,0,0.15); margin: 1px; max-width: 540px; min-width: 326px; padding: 0; width: calc(100% - 2px);\">\n<\/blockquote>\n<p>Caract\u00e8re de Cochon<\/p>\n<li class=\"opening-hours\">Mardi &#8211; dimanche : 10:00 &#8211; 16:00<\/li>\n<li class=\"opening-hours\">Mercredi &#8211; samedi : 10:00 &#8211; 15:00, 16:00 &#8211; 19:30<\/li>\n<li class=\"opening-hours close\">Lundi : Ferm\u00e9<\/li>\n<p>Chez Aline<\/p>\n<p>Enfin, c\u2019est Chez Aline, une <strong>ancienne boucherie chevaline du 11e<\/strong>, que l\u2019on vient manger un magnifique jambon-beurre tr\u00e8s r\u00e9confortant, gr\u00e2ce \u00e0 un bon choix des ingr\u00e9dients. Ici on retrouve un<strong> jambon Prince de Paris<\/strong>, \u00e9labor\u00e9 directement dans la capitale (denr\u00e9e rare de nos jours) \u00e0 quelques pas de Chez Aline. Il est coup\u00e9 minute, devant nous, avant d\u2019\u00eatre lov\u00e9 dans une baguette bien croustillante. Bref, on comprend pourquoi on l\u2019aime tant notre jambon-beurre\u00a0!<\/p>\n<blockquote class=\"instagram-media\" data-instgrm-permalink=\"https:\/\/www.instagram.com\/p\/Bj9iMxLlcQN\/?utm_source=ig_embed&amp;utm_campaign=loading\" data-instgrm-version=\"14\" style=\"background: #FFF; border: 0; border-radius: 3px; box-shadow: 0 0 1px 0 rgba(0,0,0,0.5),0 1px 10px 0 rgba(0,0,0,0.15); margin: 1px; max-width: 540px; min-width: 326px; padding: 0; width: calc(100% - 2px);\">\n<\/blockquote>\n<p>Chez Aline<\/p>\n<li class=\"address info\">85, rue de la Roquette  \u2013 11e<\/li>\n<li class=\"opening-hours\">Lundi &#8211; vendredi : 11:30 &#8211; 15:30<\/li>\n<li class=\"opening-hours close\">Samedi &#8211; dimanche : Ferm\u00e9<\/li>\n<p><script async src=\"\/\/www.instagram.com\/embed.js\"><\/script><\/p>\n","protected":false},"excerpt":{"rendered":"C\u2019est le sandwich pr\u00e9f\u00e9r\u00e9 des Fran\u00e7ais\u00b7e\u00b7s\u00a0: le jambon-beurre. N\u00e9 aux Halles au d\u00e9but du si\u00e8cle dernier, les ouvriers&hellip;\n","protected":false},"author":2,"featured_media":449970,"comment_status":"","ping_status":"","sticky":false,"template":"","format":"standard","meta":{"footnotes":""},"categories":[1888],"tags":[11,1777,674,1011,27,12,626,25],"class_list":{"0":"post-449969","1":"post","2":"type-post","3":"status-publish","4":"format-standard","5":"has-post-thumbnail","7":"category-paris","8":"tag-actualites","9":"tag-eu","10":"tag-europe","11":"tag-fr","12":"tag-france","13":"tag-news","14":"tag-paris","15":"tag-republique-francaise"},"share_on_mastodon":{"url":"https:\/\/pubeurope.com\/@fr\/115344169058003227","error":""},"_links":{"self":[{"href":"https:\/\/www.europesays.com\/fr\/wp-json\/wp\/v2\/posts\/449969","targetHints":{"allow":["GET"]}}],"collection":[{"href":"https:\/\/www.europesays.com\/fr\/wp-json\/wp\/v2\/posts"}],"about":[{"href":"https:\/\/www.europesays.com\/fr\/wp-json\/wp\/v2\/types\/post"}],"author":[{"embeddable":true,"href":"https:\/\/www.europesays.com\/fr\/wp-json\/wp\/v2\/users\/2"}],"replies":[{"embeddable":true,"href":"https:\/\/www.europesays.com\/fr\/wp-json\/wp\/v2\/comments?post=449969"}],"version-history":[{"count":0,"href":"https:\/\/www.europesays.com\/fr\/wp-json\/wp\/v2\/posts\/449969\/revisions"}],"wp:featuredmedia":[{"embeddable":true,"href":"https:\/\/www.europesays.com\/fr\/wp-json\/wp\/v2\/media\/449970"}],"wp:attachment":[{"href":"https:\/\/www.europesays.com\/fr\/wp-json\/wp\/v2\/media?parent=449969"}],"wp:term":[{"taxonomy":"category","embeddable":true,"href":"https:\/\/www.europesays.com\/fr\/wp-json\/wp\/v2\/categories?post=449969"},{"taxonomy":"post_tag","embeddable":true,"href":"https:\/\/www.europesays.com\/fr\/wp-json\/wp\/v2\/tags?post=449969"}],"curies":[{"name":"wp","href":"https:\/\/api.w.org\/{rel}","templated":true}]}}