{"id":450000,"date":"2025-10-09T12:35:13","date_gmt":"2025-10-09T12:35:13","guid":{"rendered":"https:\/\/www.europesays.com\/fr\/450000\/"},"modified":"2025-10-09T12:35:13","modified_gmt":"2025-10-09T12:35:13","slug":"loptimisme-pour-mbappe-lhumilite-avant-lazerbaidjan-la-rotation-les-sifflets-envers-rabiot-les-reponses-de-deschamps","status":"publish","type":"post","link":"https:\/\/www.europesays.com\/fr\/450000\/","title":{"rendered":"L\u2019optimisme pour Mbapp\u00e9, l\u2019humilit\u00e9 avant l\u2019Azerba\u00efdjan, la rotation, les sifflets envers Rabiot&#8230; Les r\u00e9ponses de Deschamps"},"content":{"rendered":"<p>\n    Le s\u00e9lectionneur de l\u2019\u00e9quipe de France a r\u00e9pondu aux questions des m\u00e9dias avant le match contre l\u2019Azerba\u00efdjan ce vendredi dans les qualifications \u00e0 la Coupe du monde 2026.<\/p>\n<p class=\"fig-paragraph\">C\u2019est reparti pour les\u00a0Bleus. Deux matches au programme pour l\u2019\u00e9quipe de France avec la r\u00e9ception de l\u2019Azerba\u00efdjan vendredi au Parc des Princes et un d\u00e9placement en Islande lundi, lors des\u00a0qualifications \u00e0 la coupe du monde 2026. Didier Deschamps a fait le point face aux m\u00e9dias ce jeudi.<\/p>\n<p>Ne pas sous-estimer l\u2019Azerba\u00efdjan<\/p>\n<p class=\"fig-paragraph\">\u00abC\u2019est diff\u00e9rent du fait que nos joueurs connaissent totalement<br \/>les adversaires de ces grandes \u00e9quipes, l\u00e0 c\u2019est moins le cas. Le plus important, c\u2019est de ne pas commencer le match en se disant que de toute fa\u00e7on, \u00e0 un moment ou \u00e0 un autre, on va faire la diff\u00e9rence. Je pr\u00e9f\u00e8re qu\u2019on fasse ce qu\u2019il faut d\u2019entrer et imposer \u00e0 cet adversaire certes qui ne fait pas partie de la hi\u00e9rarchie des meilleures \u00e9quipes europ\u00e9ennes mais reste malgr\u00e9 tout sur un match nul contre l\u2019Ukraine. Il y a sept joueurs de cette s\u00e9lection qui jouent dans le club de Qarabag, qui fait plut\u00f4t un tr\u00e8s bon d\u00e9but de parcours en Ligue des champions. Cela d\u00e9pendra beaucoup de nous\u00a0\u00bb<\/p>\n<p>                                    <a class=\"fig-a11y-skip a11y-hidden\" href=\"#fig-a11y-skip-main-inarticle\"><br \/>\n        Passer la publicit\u00e9<br \/>\n    <\/a><\/p>\n<p>Mbapp\u00e9 bien parti pour rejouer<\/p>\n<p class=\"fig-paragraph\">\u00ab Il a fait le programme qui \u00e9tait pr\u00e9vu, il doit s\u2019entra\u00eener ce soir (jeudi) comme l\u2019ensemble du groupe et si tout se passe tr\u00e8s bien, il sera concern\u00e9 demain.\u00bb<\/p>\n<p>La rotation pleinement assum\u00e9e<\/p>\n<p class=\"fig-paragraph\">\u00abQuand on a un adversaire qui est bas en densit\u00e9 il faut \u00e9videmment beaucoup de vitesse dans la circulation avoir la capacit\u00e9 \u00e0 pouvoir<br \/>\u00e9liminer, dribbler, provoquer sur les c\u00f4t\u00e9s une pr\u00e9sence axiale devant. Je peux \u00eatre amen\u00e9 \u00e0 changer donc forc\u00e9ment ce sont des profils de joueurs m\u00eame si j\u2019ai un peu tous les profils mais on aura besoin de ces trois crit\u00e8res-l\u00e0.\u00bb<\/p>\n<p>Humilit\u00e9 et s\u00e9rieux avant tout<\/p>\n<p class=\"fig-paragraph\">\u00abOn respecte tous nos adversaires, cette ferveur nationale aussi de par leurs derniers r\u00e9sultats, ils vont donner tout. Il ne faudra pas leur donner l\u2019opportunit\u00e9 d\u2019avoir des situations dangereuses contre nous. Les joueurs savent tr\u00e8s bien l\u2019importance ce n\u2019est pas parce qu\u2019on a 6 points qu\u2019on<br \/>est d\u00e9j\u00e0 qualifi\u00e9 il y a encore de la route \u00e0 faire. Ces trois points-l\u00e0 ils sont aussi importants que les 6 qu\u2019on a pris au mois de septembre.\u00bb<\/p>\n<p>L\u2019Espagne r\u00e9f\u00e9rence du moment, mais Deschamps s\u2019occupe d\u2019abord des adversaires<\/p>\n<p class=\"fig-paragraph\">\u00ab Il n\u2019y a pas de pression apr\u00e8s l\u2019Espagne bravo \u00e0 elle-m\u00eame si elle n\u2019a pas gagn\u00e9 la Nation League, il fait partie des meilleures nations. Mais pour le moment on s\u2019occupe de nos adversaires je me tiens au courant de ce que font les autres nations, c\u2019est notre devoir de participer aux grandes comp\u00e9titions.\u00a0\u00bb<\/p>\n<p>Deschamps calme le jeu sur les sifflets du Parce des Princes visant Rabiot<\/p>\n<p class=\"fig-paragraph\">\u00ab Je ne suis pas s\u00fbr que ce soit que des supporters de l\u2019\u00e9quipe de France, on est au Parc des Princes avec des supporters forc\u00e9ment d\u2019un club, de Paris. Je sais que s\u2019il y en a un deux ou trois et \u00e7a peut ressortir. Apr\u00e8s\u00a0<a href=\"http:\/\/www.lefigaro.fr\/sports\/football\/equipe-de-france\/j-essaie-toujours-d-etre-humble-et-bien-eduque-adrien-rabiot-au-figaro-sort-du-silence-apres-son-depart-de-l-om-20251007\" data-fig-type=\"Article\" data-gtm-custom-categorie=\"navigation\" data-gtm-custom-action=\"crossclick\" data-gtm-custom-label=\"Contextuel\" data-gtm-event=\"customEventSPE\" data-fig-domain=\"LEFIGARO\" rel=\"nofollow noopener\" target=\"_blank\">Adrien il a l\u2019habitude<\/a> \u00a0et d\u2019ailleurs \u00e7a ne l\u2019a pas emp\u00each\u00e9 notamment en fin de match contre l\u2019Ukraine de faire un bon retour d\u00e9fensif. La rivalit\u00e9 locale peut avoir aussi amen\u00e9 certains \u00e0 avoir des attitudes qui ne vont pas dans notre sens.\u00a0\u00bb<\/p>\n<p>                                    <a class=\"fig-a11y-skip a11y-hidden\" href=\"#fig-a11y-skip-main-inarticle_mtf\"><br \/>\n        Passer la publicit\u00e9<br \/>\n    <\/a><\/p>\n<p>Le souvenir de 1993 toujours pr\u00e9sent<\/p>\n<p class=\"fig-paragraph\">\u00ab Je l\u2019ai dit \u00e0 un moment o\u00f9 c\u2019\u00e9tait important de le dire. \u00c7a fait partie de ma vie marqu\u00e9e heureusement depuis par des jours bien plus heureux mais si je leur dis je sais, \u00ab je sais\u00a0\u00bb je n\u2019ai pas envie que&#8230;. On peut chambrer ou se moquer de l\u2019Italie parce que c\u2019est plus r\u00e9cent mais il ne faut pas oublier que nous aussi on a connu \u00e7a donc voil\u00e0. Il faut avoir l\u2019humilit\u00e9 et la prudence n\u00e9cessaires sans avoir de craintes et d\u2019inqui\u00e9tudes. Mais voil\u00e0, c\u2019est le haut niveau, en football, il suffit de peu. Moi je ne veux pas laisser de choses au hasard. Il ne faut pas \u00eatre trop positif pour \u00eatre n\u00e9gatif non plus, je pr\u00e9f\u00e8re \u00eatre factuel et par rapport \u00e0 notre situation, le match le plus important est celui de demain. \u00bb<\/p>\n","protected":false},"excerpt":{"rendered":"Le s\u00e9lectionneur de l\u2019\u00e9quipe de France a r\u00e9pondu aux questions des m\u00e9dias avant le match contre l\u2019Azerba\u00efdjan ce&hellip;\n","protected":false},"author":2,"featured_media":450001,"comment_status":"","ping_status":"","sticky":false,"template":"","format":"standard","meta":{"footnotes":""},"categories":[1412],"tags":[2329,20532,64,1451,1452,1453,1454,1455,1011,27,6477,60],"class_list":{"0":"post-450000","1":"post","2":"type-post","3":"status-publish","4":"format-standard","5":"has-post-thumbnail","7":"category-f1","8":"tag-adrien-rabiot","9":"tag-didier-deschamps","10":"tag-equipe-de-france","11":"tag-f1","12":"tag-formula-1","13":"tag-formula1","14":"tag-formule-1","15":"tag-formule1","16":"tag-fr","17":"tag-france","18":"tag-kylian-mbappe","19":"tag-sports"},"share_on_mastodon":{"url":"https:\/\/pubeurope.com\/@fr\/115344239768999961","error":""},"_links":{"self":[{"href":"https:\/\/www.europesays.com\/fr\/wp-json\/wp\/v2\/posts\/450000","targetHints":{"allow":["GET"]}}],"collection":[{"href":"https:\/\/www.europesays.com\/fr\/wp-json\/wp\/v2\/posts"}],"about":[{"href":"https:\/\/www.europesays.com\/fr\/wp-json\/wp\/v2\/types\/post"}],"author":[{"embeddable":true,"href":"https:\/\/www.europesays.com\/fr\/wp-json\/wp\/v2\/users\/2"}],"replies":[{"embeddable":true,"href":"https:\/\/www.europesays.com\/fr\/wp-json\/wp\/v2\/comments?post=450000"}],"version-history":[{"count":0,"href":"https:\/\/www.europesays.com\/fr\/wp-json\/wp\/v2\/posts\/450000\/revisions"}],"wp:featuredmedia":[{"embeddable":true,"href":"https:\/\/www.europesays.com\/fr\/wp-json\/wp\/v2\/media\/450001"}],"wp:attachment":[{"href":"https:\/\/www.europesays.com\/fr\/wp-json\/wp\/v2\/media?parent=450000"}],"wp:term":[{"taxonomy":"category","embeddable":true,"href":"https:\/\/www.europesays.com\/fr\/wp-json\/wp\/v2\/categories?post=450000"},{"taxonomy":"post_tag","embeddable":true,"href":"https:\/\/www.europesays.com\/fr\/wp-json\/wp\/v2\/tags?post=450000"}],"curies":[{"name":"wp","href":"https:\/\/api.w.org\/{rel}","templated":true}]}}