{"id":450005,"date":"2025-10-09T12:38:17","date_gmt":"2025-10-09T12:38:17","guid":{"rendered":"https:\/\/www.europesays.com\/fr\/450005\/"},"modified":"2025-10-09T12:38:17","modified_gmt":"2025-10-09T12:38:17","slug":"il-oublie-lanniversaire-de-sa-femme-mais-pas-celui-de-cristiano-ronaldo-reseaux-sociaux","status":"publish","type":"post","link":"https:\/\/www.europesays.com\/fr\/450005\/","title":{"rendered":"Il oublie l\u2019anniversaire de sa femme, mais pas celui de Cristiano Ronaldo &#8211; R\u00e9seaux sociaux"},"content":{"rendered":"<p>Le football prend parfois beaucoup de place dans la vie des couples. Surtout si l\u2019une des deux personnes le prend vraiment tr\u00e8s \u00e0 c\u0153ur.<\/p>\n<p>L\u2019amour, c\u2019est cette force inquantifiable qui pousse les \u00eatres humains \u00e0 se d\u00e9passer, \u00e0 s\u2019inqui\u00e9ter pour autre chose que sa petite personne, qui vous m\u00e8ne \u00e0 faire des choix d\u00e9cisifs (comme prendre un cr\u00e9dit sur 25 ans) parfois irrationnels, souvent magnifiques, toujours r\u00e9v\u00e9lateurs de ce que l\u2019on est vraiment. C\u2019est ce moteur invisible qui transforme la peur en courage, le doute en espoir, et le quotidien en quelque chose d\u2019un peu plus grand que soi.<\/p>\n<p>Cette femme peut en t\u00e9moigner : <strong>son mari donne tout en amour<\/strong>. Enfin, pour son amour du football plus pr\u00e9cis\u00e9ment.<\/p>\n<p>Cricri d\u2019amour<\/p>\n<p>En effet, dans cette s\u00e9quence tr\u00e8s dr\u00f4le qu\u2019elle a publi\u00e9e sur X (faut-il encore pr\u00e9ciser \u00ab\u202fanciennement Twitter\u202f\u00bb ?), <strong>elle explique que son concubin a visiblement du mal \u00e0 se rappeler les dates d\u2019anniversaire,<\/strong> mais qu\u2019il n\u2019a aucun probl\u00e8me \u00e0 faire des grandes d\u00e9clarations d\u2019amour et \u00e0 d\u00e9ploye<strong>r des tr\u00e9sors de lyrisme quand il s\u2019agit d\u2019envoyer un message priv\u00e9 pour souhaiter son anniversaire \u00e0\u2026 Cristiano Ronaldo<\/strong> (le message est bien dat\u00e9 de f\u00e9vrier dans la vid\u00e9o).<\/p>\n<p>L\u2019amour a ses raisons que la raison ignore, surtout quand il s\u2019agit de foot.<\/p>\n<p>\t\t\t\t\t\t\t\t\t\t<a class=\"lien-connexe\" href=\"https:\/\/www.sofoot.com\/articles\/le-cas-de-kingsley-coman-en-equipe-de-france-le-gars-mur-de-didier-deschamps\" rel=\"nofollow noopener\" target=\"_blank\">Coman, le gars m\u00fbr de Didier Deschamps<\/a>\t\t\t\t\t<\/p>\n","protected":false},"excerpt":{"rendered":"Le football prend parfois beaucoup de place dans la vie des couples. Surtout si l\u2019une des deux personnes&hellip;\n","protected":false},"author":2,"featured_media":450006,"comment_status":"","ping_status":"","sticky":false,"template":"","format":"standard","meta":{"footnotes":""},"categories":[1359],"tags":[47,61,69,65,58,59,64,63,1011,27,68,66,62,973,70,67],"class_list":{"0":"post-450005","1":"post","2":"type-post","3":"status-publish","4":"format-standard","5":"has-post-thumbnail","7":"category-people","8":"tag-actualite","9":"tag-actus-football","10":"tag-bundesliga","11":"tag-championnats-europeens","12":"tag-divertissement","13":"tag-entertainment","14":"tag-equipe-de-france","15":"tag-football","16":"tag-fr","17":"tag-france","18":"tag-ligua","19":"tag-ligue-1","20":"tag-news-foot","21":"tag-people","22":"tag-premier-league","23":"tag-serie-a"},"share_on_mastodon":{"url":"https:\/\/pubeurope.com\/@fr\/115344251624748661","error":""},"_links":{"self":[{"href":"https:\/\/www.europesays.com\/fr\/wp-json\/wp\/v2\/posts\/450005","targetHints":{"allow":["GET"]}}],"collection":[{"href":"https:\/\/www.europesays.com\/fr\/wp-json\/wp\/v2\/posts"}],"about":[{"href":"https:\/\/www.europesays.com\/fr\/wp-json\/wp\/v2\/types\/post"}],"author":[{"embeddable":true,"href":"https:\/\/www.europesays.com\/fr\/wp-json\/wp\/v2\/users\/2"}],"replies":[{"embeddable":true,"href":"https:\/\/www.europesays.com\/fr\/wp-json\/wp\/v2\/comments?post=450005"}],"version-history":[{"count":0,"href":"https:\/\/www.europesays.com\/fr\/wp-json\/wp\/v2\/posts\/450005\/revisions"}],"wp:featuredmedia":[{"embeddable":true,"href":"https:\/\/www.europesays.com\/fr\/wp-json\/wp\/v2\/media\/450006"}],"wp:attachment":[{"href":"https:\/\/www.europesays.com\/fr\/wp-json\/wp\/v2\/media?parent=450005"}],"wp:term":[{"taxonomy":"category","embeddable":true,"href":"https:\/\/www.europesays.com\/fr\/wp-json\/wp\/v2\/categories?post=450005"},{"taxonomy":"post_tag","embeddable":true,"href":"https:\/\/www.europesays.com\/fr\/wp-json\/wp\/v2\/tags?post=450005"}],"curies":[{"name":"wp","href":"https:\/\/api.w.org\/{rel}","templated":true}]}}