{"id":450007,"date":"2025-10-09T12:39:16","date_gmt":"2025-10-09T12:39:16","guid":{"rendered":"https:\/\/www.europesays.com\/fr\/450007\/"},"modified":"2025-10-09T12:39:16","modified_gmt":"2025-10-09T12:39:16","slug":"la-quete-dun-photographe-nature-a-la-poursuite-dun-oiseau-rare","status":"publish","type":"post","link":"https:\/\/www.europesays.com\/fr\/450007\/","title":{"rendered":"la qu\u00eate d\u2019un photographe nature, \u00e0 la poursuite d\u2019un oiseau rare"},"content":{"rendered":"<p class=\"article__intro\">C&rsquo;est l&rsquo;histoire en Haute-Loire d&rsquo;un photographe naturaliste G\u00e9rard Gard\u00e8s et de son fils Manuel, tous deux r\u00e9unis autour de l&rsquo;observation de la chev\u00eachette d&rsquo;Europe, install\u00e9e depuis peu en Margeride aux confins de la Haute-Loire et de la Loz\u00e8re. Avec leurs objectifs photo et vid\u00e9o, ils ont crois\u00e9 leurs regards sur ce petit rapace tr\u00e8s discret. Des photos et un documentaire retracent cette rencontre au fil des saisons.<\/p>\n<p>\n      L\u2019actu des r\u00e9gions\n    <\/p>\n<p>\n      Chaque jour, un tour d\u2019horizon des principales infos de toutes les r\u00e9gions.\n    <\/p>\n<p>    France T\u00e9l\u00e9visions utilise votre adresse e-mail afin de vous envoyer la newsletter \u00ab\u00a0L\u2019actu des r\u00e9gions\u00a0\u00bb. Vous pouvez vous d\u00e9sinscrire \u00e0 tout moment via le lien en bas de cette newsletter. <a target=\"_blank\" href=\"https:\/\/www.francetelevisions.fr\/groupe\/confidentialite\/politique-de-confidentialite\/politique-de-confidentialite-de-france-televisions-6503\" rel=\"nofollow noopener\">Notre politique de confidentialit\u00e9<\/a><\/p>\n<p>\u201cJe m\u2019appelle G\u00e9rard Gard\u00e8s, je suis photographe nature.\u201d C\u2019est ainsi que se pr\u00e9sente le h\u00e9ros du documentaire \u201cVIENS\u201d, photographe faune et flore en Haute-Loire. \u201cJe fais essentiellement de la photo animali\u00e8re, des ambiances, des instants&#8230; C\u2019est trouver l\u2019esp\u00e8ce que l\u2019on recherche \u00e0 cerner et comprendre. Comprendre o\u00f9 vit cette esp\u00e8ce, ses habitudes. Ce qui marque les gens, c\u2019est souvent le travail sur les oiseaux et des ambiances que j\u2019ai pu r\u00e9v\u00e9ler, notamment des sc\u00e8nes d\u2019hiver ou dans le brouillard. La chev\u00eachette, c\u2019\u00e9tait un peu le graal, surtout en Haute-Loire. On savait qu\u2019elle pouvait \u00eatre l\u00e0 mais peu de gens l\u2019avaient vue. Avec Manuel (son fils, NDLR), ce qui \u00e9tait int\u00e9ressant et important pour l&rsquo;esp\u00e8ce, c\u2019est qu\u2019on a pu suivre un couple pendant 9 mois.\u201d\u00a0\u00a0<\/p>\n<p>Des mois de recherche et \u00e0 la cl\u00e9 un documentaire de 52 minutes o\u00f9 le sujet n&rsquo;est pas seulement l&rsquo;oiseau : \u201cJe n\u2019\u00e9tais pas au courant, moi, au d\u00e9part ! Pour moi, on faisait un film sur la chev\u00eachette. C&rsquo;est apr\u00e8s que j\u2019ai compris qu\u2019on me suivait, moi\u201d, explique G\u00e9rard, amus\u00e9. <\/p>\n<p>    dur\u00e9e de la vid\u00e9o : 00h03mn25s<\/p>\n<p>        <img decoding=\"async\" width=\"640\" height=\"426\" class=\"article-image not-lazy\" src=\"https:\/\/www.europesays.com\/fr\/wp-content\/uploads\/2025\/10\/03230779-d80c-4ba3-a322-eccfb45ef1cc.jpg\" alt=\"\" fetchpriority=\"high\"\/><\/p>\n<p>              Voir la video\u00a0(3 minutes 25 secondes).\u00a0<br \/>\n                  3 min 25 s<\/p>\n<p>\n          C&rsquo;est l&rsquo;histoire en Haute-Loire d&rsquo;un photographe naturaliste G\u00e9rard Gard\u00e8s et de son fils Manuel, tous deux r\u00e9unis autour de l&rsquo;observation de la chev\u00eachette d&rsquo;Europe, install\u00e9e depuis peu en Margeride aux confins de la Haute-Loire et de la Loz\u00e8re. Avec leurs objectifs photo et vid\u00e9o, ils ont crois\u00e9 leurs regards sur ce petit rapace tr\u00e8s discret. Des photos et un documentaire retracent cette rencontre au fil des saisons.<\/p>\n<p>        \u2022<\/p>\n<p>              \u00a9E.Monnier\/L.Cluzel\/D.Robert\/France 3 Auvergne\n      <\/p>\n<p>Ce film, c\u2019est donc son propre fils qui l\u2019a r\u00e9alis\u00e9 : \u201cJe m\u2019appelle Manuel Gard\u00e8s, je suis photographe et r\u00e9alisateur. Quand mon p\u00e8re m\u2019a mis un appareil photo dans les mains, je ne prenais pas de photo. Je regardais la sc\u00e8ne. La vid\u00e9o m\u2019a permis de passer \u00e0 travers \u00e7a. Les premi\u00e8res heures de d\u00e9couverte o\u00f9 l&rsquo;on trouve une nouvelle esp\u00e8ce, un nouveau champ, ce sont les moments les plus palpitants. Il y a une grande partie o\u00f9 mon p\u00e8re est mon mentor. C&rsquo;est lui qui m\u2019a amen\u00e9 ce c\u00f4t\u00e9 naturaliste. J&rsquo;ai fait un documentaire sur lui, sur son travail. Mon travail d\u00e9coule de son travail. On est coll\u00e8gues, d\u2019un c\u00f4t\u00e9 !\u201d\u00a0<\/p>\n<p>Une qu\u00eate \u00e0 deux, regards crois\u00e9s sur une nature forte, fragile, gracile, un dialogue entre vivants capt\u00e9 par le photographe : \u201cDans la photo animali\u00e8re classique, on dit qu\u2019il faut \u00e9viter que les regards du sujet et du photographe se croisent. Moi c\u2019est un peu le contraire. J\u2019ai toujours recherch\u00e9 ce moment o\u00f9 les regards se croisent.\u201d G\u00e9rard Gard\u00e8s pose son regard de naturaliste sur la faune et la flore des gorges du Haut-Allier. Le documentaire de son fils intitul\u00e9 \u00ab\u00a0VIENS\u00a0\u00bb est projet\u00e9 dans les salles de cin\u00e9ma de Haute-Loire.\u00a0<\/p>\n<p>-Propos recueills par Elodie Monnier pour France 3 Auvergne<\/p>\n","protected":false},"excerpt":{"rendered":"C&rsquo;est l&rsquo;histoire en Haute-Loire d&rsquo;un photographe naturaliste G\u00e9rard Gard\u00e8s et de son fils Manuel, tous deux r\u00e9unis autour&hellip;\n","protected":false},"author":2,"featured_media":450008,"comment_status":"","ping_status":"","sticky":false,"template":"","format":"standard","meta":{"footnotes":""},"categories":[1358],"tags":[1348,1384,1385,1386,58,59,1011,27],"class_list":{"0":"post-450007","1":"post","2":"type-post","3":"status-publish","4":"format-standard","5":"has-post-thumbnail","7":"category-arts-et-design","8":"tag-arts","9":"tag-arts-and-design","10":"tag-arts-et-design","11":"tag-design","12":"tag-divertissement","13":"tag-entertainment","14":"tag-fr","15":"tag-france"},"share_on_mastodon":{"url":"https:\/\/pubeurope.com\/@fr\/115344256060691880","error":""},"_links":{"self":[{"href":"https:\/\/www.europesays.com\/fr\/wp-json\/wp\/v2\/posts\/450007","targetHints":{"allow":["GET"]}}],"collection":[{"href":"https:\/\/www.europesays.com\/fr\/wp-json\/wp\/v2\/posts"}],"about":[{"href":"https:\/\/www.europesays.com\/fr\/wp-json\/wp\/v2\/types\/post"}],"author":[{"embeddable":true,"href":"https:\/\/www.europesays.com\/fr\/wp-json\/wp\/v2\/users\/2"}],"replies":[{"embeddable":true,"href":"https:\/\/www.europesays.com\/fr\/wp-json\/wp\/v2\/comments?post=450007"}],"version-history":[{"count":0,"href":"https:\/\/www.europesays.com\/fr\/wp-json\/wp\/v2\/posts\/450007\/revisions"}],"wp:featuredmedia":[{"embeddable":true,"href":"https:\/\/www.europesays.com\/fr\/wp-json\/wp\/v2\/media\/450008"}],"wp:attachment":[{"href":"https:\/\/www.europesays.com\/fr\/wp-json\/wp\/v2\/media?parent=450007"}],"wp:term":[{"taxonomy":"category","embeddable":true,"href":"https:\/\/www.europesays.com\/fr\/wp-json\/wp\/v2\/categories?post=450007"},{"taxonomy":"post_tag","embeddable":true,"href":"https:\/\/www.europesays.com\/fr\/wp-json\/wp\/v2\/tags?post=450007"}],"curies":[{"name":"wp","href":"https:\/\/api.w.org\/{rel}","templated":true}]}}