{"id":450009,"date":"2025-10-09T12:40:12","date_gmt":"2025-10-09T12:40:12","guid":{"rendered":"https:\/\/www.europesays.com\/fr\/450009\/"},"modified":"2025-10-09T12:40:12","modified_gmt":"2025-10-09T12:40:12","slug":"le-livre-jeunesse-en-fete-les-18-et-19-octobre","status":"publish","type":"post","link":"https:\/\/www.europesays.com\/fr\/450009\/","title":{"rendered":"le livre jeunesse en f\u00eate les 18 et 19\u00a0octobre"},"content":{"rendered":"<p>Les 18 et 19\u00a0octobre, la Maison des Arts du L\u00e9man, situ\u00e9e \u00e0 Thonon, ouvre ses portes aux petits et grands pour la huiti\u00e8me \u00e9dition de la F\u00eate du Livre, v\u00e9ritable temps fort du <a href=\"https:\/\/www.ledauphine.com\/culture-loisirs\/2025\/09\/29\/le-festival-des-p-tits-malins-fete-dix-ans-de-rires-et-de-reves\" target=\"_blank\" rel=\"noopener\">festival des P\u2019tits Malins<\/a>. Deux jours enti\u00e8rement d\u00e9di\u00e9s \u00e0 l\u2019imaginaire, \u00e0 la cr\u00e9ativit\u00e9 et \u00e0 la lecture.<\/p>\n<p>Au programme\u00a0: rencontres avec une quinzaine d\u2019auteurs et illustrateurs jeunesse, librairie \u00e9ph\u00e9m\u00e8re, ateliers cr\u00e9atifs (dessin, collage, tampons) et animations interactives. Les enfants peuvent s\u2019essayer \u00e0 l\u2019art et la cr\u00e9ation, tandis que les parents d\u00e9couvrent les coulisses de <a href=\"https:\/\/www.ledauphine.com\/culture-loisirs\/2021\/10\/20\/fete-du-livre-thonon-rencontre-avec-trois-auteurs-j-imagine-ce-que-j-aurais-aime-lire-enfant\" target=\"_blank\" rel=\"noopener\">la litt\u00e9rature jeunesse<\/a> et partagent des moments de lecture en famille. Les biblioth\u00e8ques partenaires du Chablais proposeront \u00e9galement des ateliers et lectures, \u00e9tendant le festival \u00e0 tout le territoire.<\/p>\n<p>Ce contenu est bloqu\u00e9 car vous n&rsquo;avez pas accept\u00e9 les cookies et autres traceurs.<\/p>\n<p>En cliquant sur \u00ab J\u2019accepte \u00bb, les cookies et autres traceurs seront d\u00e9pos\u00e9s et vous pourrez visualiser les contenus  (<a href=\"\" class=\"consentModule_policy\" target=\"_blank\" title=\"Consulter la politique de protection des donn\u00e9es du fournisseur\">plus d&rsquo;informations<\/a>).<\/p>\n<p>En cliquant sur \u00ab J\u2019accepte tous les cookies \u00bb, vous autorisez des d\u00e9p\u00f4ts de cookies et autres traceurs pour le stockage de vos donn\u00e9es sur nos sites et applications \u00e0 des fins de personnalisation et de ciblage publicitaire.<\/p>\n<p class=\"consentModule_secondaryText\">Vous gardez la possibilit\u00e9 de retirer votre consentement \u00e0 tout moment en consultant notre <a href=\"https:\/\/www.ledauphine.com\/protection-des-donnees\" target=\"_blank\" title=\"Consulter notre politique de protection des donn\u00e9es\" rel=\"noopener\">politique de protection des donn\u00e9es<\/a>. <br \/>&#13;<br \/>\n            <a href=\"https:\/\/www.ledauphine.com\/culture-loisirs\/2025\/10\/09\/javascript:Didomi.notice.show()\" class=\"consentModule_cmp\" target=\"_blank\" rel=\"noopener\">G\u00e9rer mes choix<\/a>&#13;\n        <\/p>\n<p>&#13;<br \/>\n                        J&rsquo;accepte&#13;<br \/>\n            J&rsquo;accepte tous les cookies&#13;\n        <\/p>\n<p>  Des moments pour toute la famille<\/p>\n<p>Un espace lecture cosy \u00e0 la galerie de l\u2019\u00c9trave invite \u00e0 feuilleter des albums et \u00e9couter des histoires. Les spectacles et animations, comme Les Incroyables et la valise rouge , plongent les plus jeunes dans des aventures po\u00e9tiques d\u00e8s 3 ans. Des go\u00fbters et moments conviviaux ponctueront \u00e9galement le week-end, pour profiter pleinement de cette f\u00eate litt\u00e9raire et partager des instants chaleureux. Bref, deux jours de lecture, de d\u00e9couvertes et de cr\u00e9ations pour toute la famille, o\u00f9 chaque page devient une aventure \u00e0 partager et o\u00f9 l\u2019imagination n\u2019a pas de limite\u00a0!<\/p>\n<p class=\"note\">Lecture. Samedi 18\u00a0octobre de 14\u00a0h \u00e0 18\u00a0h et dimanche 19\u00a0octobre de 10\u00a0h \u00e0 17\u00a0h \u00e0 la Maison des arts du L\u00e9man. Entr\u00e9e libre et gratuite. Infos\u00a0: <a href=\"http:\/\/www.ptitsmalins.com\/programme-fete-du-livre\" target=\"_blank\" rel=\"noopener\">www.ptitsmalins.com\/programme-fete-du-livre<\/a> ou 04\u00a050\u00a071\u00a039\u00a047.<\/p>\n","protected":false},"excerpt":{"rendered":"Les 18 et 19\u00a0octobre, la Maison des Arts du L\u00e9man, situ\u00e9e \u00e0 Thonon, ouvre ses portes aux petits&hellip;\n","protected":false},"author":2,"featured_media":450010,"comment_status":"","ping_status":"","sticky":false,"template":"","format":"standard","meta":{"footnotes":""},"categories":[1357],"tags":[1379,1687,58,4637,59,1011,27,1380,2410,37753,37754],"class_list":{"0":"post-450009","1":"post","2":"type-post","3":"status-publish","4":"format-standard","5":"has-post-thumbnail","7":"category-livres","8":"tag-books","9":"tag-culture-loisirs","10":"tag-divertissement","11":"tag-edition-grand-geneve-chablais-ain","12":"tag-entertainment","13":"tag-fr","14":"tag-france","15":"tag-livres","16":"tag-livres-bd","17":"tag-thonon-les-bains","18":"tag-thonon-les-bains-bassin"},"share_on_mastodon":{"url":"https:\/\/pubeurope.com\/@fr\/115344259391131117","error":""},"_links":{"self":[{"href":"https:\/\/www.europesays.com\/fr\/wp-json\/wp\/v2\/posts\/450009","targetHints":{"allow":["GET"]}}],"collection":[{"href":"https:\/\/www.europesays.com\/fr\/wp-json\/wp\/v2\/posts"}],"about":[{"href":"https:\/\/www.europesays.com\/fr\/wp-json\/wp\/v2\/types\/post"}],"author":[{"embeddable":true,"href":"https:\/\/www.europesays.com\/fr\/wp-json\/wp\/v2\/users\/2"}],"replies":[{"embeddable":true,"href":"https:\/\/www.europesays.com\/fr\/wp-json\/wp\/v2\/comments?post=450009"}],"version-history":[{"count":0,"href":"https:\/\/www.europesays.com\/fr\/wp-json\/wp\/v2\/posts\/450009\/revisions"}],"wp:featuredmedia":[{"embeddable":true,"href":"https:\/\/www.europesays.com\/fr\/wp-json\/wp\/v2\/media\/450010"}],"wp:attachment":[{"href":"https:\/\/www.europesays.com\/fr\/wp-json\/wp\/v2\/media?parent=450009"}],"wp:term":[{"taxonomy":"category","embeddable":true,"href":"https:\/\/www.europesays.com\/fr\/wp-json\/wp\/v2\/categories?post=450009"},{"taxonomy":"post_tag","embeddable":true,"href":"https:\/\/www.europesays.com\/fr\/wp-json\/wp\/v2\/tags?post=450009"}],"curies":[{"name":"wp","href":"https:\/\/api.w.org\/{rel}","templated":true}]}}