{"id":450013,"date":"2025-10-09T12:42:14","date_gmt":"2025-10-09T12:42:14","guid":{"rendered":"https:\/\/www.europesays.com\/fr\/450013\/"},"modified":"2025-10-09T12:42:14","modified_gmt":"2025-10-09T12:42:14","slug":"deuil-amour-et-potes-le-rappeur-georgio-sort-son-nouvel-album-gloria","status":"publish","type":"post","link":"https:\/\/www.europesays.com\/fr\/450013\/","title":{"rendered":"Deuil, amour et potes\u2026 Le rappeur Georgio sort son nouvel album \u00ab\u00a0Gloria\u00a0\u00bb"},"content":{"rendered":"<p>Il y a des <a href=\"https:\/\/www.20minutes.fr\/dossier\/artiste\" class=\"c-link c-link--is-underlined\" target=\"_blank\" rel=\"noopener\">artistes<\/a> avec qui discuter de la vie loin de la musique est un plaisir. Si Georgio a donn\u00e9 rendez-vous \u00e0 quelques fans pour \u00e9couter son nouvel <a href=\"https:\/\/www.20minutes.fr\/culture\/album\/\" class=\"c-link c-link--is-underlined\" target=\"_blank\" rel=\"noopener\">album<\/a> Gloria, c\u2019est George qui se pr\u00e9sente face \u00e0 nous. Un homme simple, passionn\u00e9 d\u2019orques et de <a href=\"https:\/\/www.20minutes.fr\/livres\/litterature\/\" class=\"c-link c-link--is-underlined\" target=\"_blank\" rel=\"noopener\">litt\u00e9rature<\/a>.<\/p>\n<p>Si le rappeur tr\u00e8s pr\u00e9sent sur la sc\u00e8ne musicale depuis dix ans et a d\u00e9j\u00e0 sorti une multitude de projets, ce dernier explore des th\u00e8mes encore plus personnels\u00a0: sa propre nostalgie, sa conception de la masculinit\u00e9 et le deuil de son p\u00e8re. \u00ab\u00a0J\u2019ai mis toutes mes pens\u00e9es, toutes mes \u00e9motions, beaucoup d\u2019indignit\u00e9, de r\u00e9bellion et en m\u00eame temps, j\u2019ai mis beaucoup de paix et beaucoup de r\u00e9flexions assez intimes et d\u2019amour.\u00a0\u00bb nous avoue le rappeur.<\/p>\n<p>Pour l\u2019occasion, Georgio et Deezer ont donn\u00e9 rendez-vous aux fans pour une premi\u00e8re \u00e9coute exceptionnelle de Gloria. \u00ab\u00a0Il y a vraiment de tr\u00e8s de nouvelles sonorit\u00e9s. M\u00eame les feats, c\u2019\u00e9tait surprenant, \u00e7a changeait de ce qui avait \u00e9t\u00e9 d\u00e9j\u00e0 fait avant\u00a0\u00bb sourit Sasha. L\u2019experte de la musique urbaine chez Deezer, Narjes Bahhar, est elle aussi tr\u00e8s enthousiaste, \u00ab\u00a0L\u2019album il est archi lourd, il faut vraiment aller l\u2019\u00e9couter. Il y a des supers feats. J\u2019ai retenu notamment qu\u2019il y avait Iliona, Zamdane, Vacra, Nemir, Bekar. Le titre entre ce dernier et Georgio est incroyable. Il faut aller \u00e9couter \u00e7a\u00a0!\u00a0\u00bb<\/p>\n<p>L\u2019interview de Georgio est en t\u00eate de cet article<\/p>\n","protected":false},"excerpt":{"rendered":"Il y a des artistes avec qui discuter de la vie loin de la musique est un plaisir.&hellip;\n","protected":false},"author":2,"featured_media":450014,"comment_status":"","ping_status":"","sticky":false,"template":"","format":"standard","meta":{"footnotes":""},"categories":[1355],"tags":[1692,251,11321,58,59,1011,27,1361,873,37825,3616,133],"class_list":{"0":"post-450013","1":"post","2":"type-post","3":"status-publish","4":"format-standard","5":"has-post-thumbnail","7":"category-musique","8":"tag-album","9":"tag-culture","10":"tag-deezer","11":"tag-divertissement","12":"tag-entertainment","13":"tag-fr","14":"tag-france","15":"tag-music","16":"tag-musique","17":"tag-musique-en-streaming","18":"tag-rap","19":"tag-video"},"share_on_mastodon":{"url":"https:\/\/pubeurope.com\/@fr\/115344267419699257","error":""},"_links":{"self":[{"href":"https:\/\/www.europesays.com\/fr\/wp-json\/wp\/v2\/posts\/450013","targetHints":{"allow":["GET"]}}],"collection":[{"href":"https:\/\/www.europesays.com\/fr\/wp-json\/wp\/v2\/posts"}],"about":[{"href":"https:\/\/www.europesays.com\/fr\/wp-json\/wp\/v2\/types\/post"}],"author":[{"embeddable":true,"href":"https:\/\/www.europesays.com\/fr\/wp-json\/wp\/v2\/users\/2"}],"replies":[{"embeddable":true,"href":"https:\/\/www.europesays.com\/fr\/wp-json\/wp\/v2\/comments?post=450013"}],"version-history":[{"count":0,"href":"https:\/\/www.europesays.com\/fr\/wp-json\/wp\/v2\/posts\/450013\/revisions"}],"wp:featuredmedia":[{"embeddable":true,"href":"https:\/\/www.europesays.com\/fr\/wp-json\/wp\/v2\/media\/450014"}],"wp:attachment":[{"href":"https:\/\/www.europesays.com\/fr\/wp-json\/wp\/v2\/media?parent=450013"}],"wp:term":[{"taxonomy":"category","embeddable":true,"href":"https:\/\/www.europesays.com\/fr\/wp-json\/wp\/v2\/categories?post=450013"},{"taxonomy":"post_tag","embeddable":true,"href":"https:\/\/www.europesays.com\/fr\/wp-json\/wp\/v2\/tags?post=450013"}],"curies":[{"name":"wp","href":"https:\/\/api.w.org\/{rel}","templated":true}]}}