{"id":450015,"date":"2025-10-09T12:43:26","date_gmt":"2025-10-09T12:43:26","guid":{"rendered":"https:\/\/www.europesays.com\/fr\/450015\/"},"modified":"2025-10-09T12:43:26","modified_gmt":"2025-10-09T12:43:26","slug":"badlands-ne-sera-pas-aussi-violent-quon-limaginait-mais-ce-nest-pas-si-inquietant","status":"publish","type":"post","link":"https:\/\/www.europesays.com\/fr\/450015\/","title":{"rendered":"Badlands ne sera pas aussi \u00ab\u00a0violent\u00a0\u00bb qu&rsquo;on l&rsquo;imaginait mais ce n&rsquo;est pas si inqui\u00e9tant"},"content":{"rendered":"<p><strong>Le film <a href=\"https:\/\/www.ecranlarge.com\/films\/predator-badlands\" data-type=\"films\" data-id=\"1239100\" rel=\"nofollow noopener\" target=\"_blank\">Predator : Badlands<\/a> nous a promis un vrai carnage avec ses bandes-annonces, mais il ne sera peut-\u00eatre pas aussi violent qu\u2019on l\u2019esp\u00e9rait.<\/strong><\/p>\n<p>Depuis le rachat de la Fox par <a href=\"https:\/\/www.ecranlarge.com\/personnalite\/1095397-disney\" data-type=\"people\" data-id=\"804584\" rel=\"nofollow noopener\" target=\"_blank\">Disney<\/a> en 2020, on avait peur que le studio aux grandes oreilles d\u00e9truisent une \u00e0 une certaines des licences qu\u2019il venait d\u2019acqu\u00e9rir. Le temps nous a plus ou moins donn\u00e9 tort avec de jolies surprises entre <strong>La Plan\u00e8te des singes : Le Nouveau Royaume<\/strong>, <strong>Alien : Romulus <\/strong>ou encore <strong>Prey<\/strong>, mais aussi de sacr\u00e9es d\u00e9sillusions (<strong>Les 4 Fantastiques : Premiers pas<\/strong> et <strong>Alien : Earth <\/strong>\u00e9tant les derni\u00e8res en date). Peu importe la qualit\u00e9 toutefois, l\u2019important \u00e9tant que le studio n\u2019ait pas aseptis\u00e9 de trop les licences plus violentes dont il s\u2019est empar\u00e9.<\/p>\n<p>Ainsi, <strong>Alien : Romulus<\/strong>, <strong><a href=\"https:\/\/www.ecranlarge.com\/films\/1357377-predator-5\" data-type=\"films\" data-id=\"690080\" rel=\"nofollow noopener\" target=\"_blank\">Prey<\/a><\/strong> et <strong><a href=\"https:\/\/www.ecranlarge.com\/films\/untitled-secret-predator-film\" data-type=\"films\" data-id=\"1229644\" rel=\"nofollow noopener\" target=\"_blank\">Predator : Killer of Killer<\/a>s <\/strong>avaient tous les trois \u00e9taient class\u00e9s R (soit interdit au moins de 17 ans non accompagn\u00e9s d\u2019un adulte aux \u00c9tats-Unis), perp\u00e9tuant la longue tradition des films de leurs sagas respectives (hormis le crossover <strong>Aliens vs Predator<\/strong>). On pouvait donc esp\u00e9rer que <strong>Predator : Badlands<\/strong>, lui aussi r\u00e9alis\u00e9 par <a href=\"https:\/\/www.ecranlarge.com\/personnalite\/808258-dan-trachtenberg\" data-type=\"people\" data-id=\"442995\" rel=\"nofollow noopener\" target=\"_blank\">Dan Trachtenberg<\/a>, suive la ligne, sauf que ce ne sera malheureusement pas le cas.<\/p>\n<p>                    <img decoding=\"async\" alt=\"\" class=\"wp-image-518375\" style=\"object-fit:cover;width:25px;height:25px\" src=\"https:\/\/www.ecranlarge.com\/content\/uploads\/2023\/09\/arrow-right-circle.svg\"\/><\/p>\n<p><a href=\"https:\/\/www.ecranlarge.com\/content\/uploads\/2025\/10\/pb-tp3-still_031.jpg\" rel=\"nofollow noopener\" target=\"_blank\"><\/p>\n<p><img loading=\"lazy\" decoding=\"async\" alt=\"Predator : Badlands\" src=\"https:\/\/www.europesays.com\/fr\/wp-content\/uploads\/2025\/10\/pb-tp3-still_031-1260x528.jpg\" width=\"1260\" height=\"528\"  \/><\/p>\n<p><\/a>On veut des explosions et de la violence nousPG-DATOR 13<\/p>\n<p>En effet, comme l\u2019ont rapport\u00e9 IGN et Screenrant, le film n\u2019obtiendra a priori pas de classification Rated-R mais seulement un PG-13 (soit un film d\u00e9conseill\u00e9 au moins de 13 ans aux \u00c9tats-Unis). Cette classification autorise seulement quelques sc\u00e8nes d\u2019action non-sanglantes (en plus de l\u2019utilisation unique du mot \u00ab\u00a0fuck\u00a0\u00bb en anglais, et dans un contexte non-sexuel). Assez logiquement, <strong>cela veut dire que le film sera donc moins violent qu\u2019on ne pouvait l\u2019imaginer et \u00e7a nous inqui\u00e8te un peu<\/strong>, pour \u00eatre honn\u00eate.<\/p>\n<p>Pour autant, il semblerait que ce ne soit pas du tout le cas de Ben Rosenblatt, le producteur de <strong>Predator : Badlands<\/strong>. Au micro d\u2019IGN, il a expliqu\u00e9 les raisons pour lesquelles <strong>cette classification \u00e9tait finalement un faux souci dont il ne faut pas vraiment nous pr\u00e9occuper<\/strong> et surtout un objectif pour Disney :<\/p>\n<p><a href=\"https:\/\/www.ecranlarge.com\/content\/uploads\/2025\/10\/jsx0bqm8zxzthbqvjadmm9ydzfz.jpg\" rel=\"nofollow noopener\" target=\"_blank\"><\/p>\n<p><img loading=\"lazy\" decoding=\"async\" alt=\"Predator: Badlands\" src=\"https:\/\/www.europesays.com\/fr\/wp-content\/uploads\/2025\/10\/jsx0bqm8zxzthbqvjadmm9ydzfz-1260x709.jpg\" width=\"1260\" height=\"709\"  \/><\/p>\n<p><\/a>L\u2019arc sera rouge, mais pas le sang<\/p>\n<blockquote class=\"wp-block-quote is-layout-flow wp-block-quote-is-layout-flow\">\n<p><strong>\u00ab\u00a0Nous verrons o\u00f9 il aboutira, mais nous esp\u00e9rons qu\u2019il s\u2019agira d\u2019un film PG-13 qui aura l\u2019air d\u2019un film R. C\u2019est en quelque sorte notre espoir. Et en r\u00e9alit\u00e9, il s\u2019agit simplement d\u2019\u00e9largir le public d\u2019un film comme celui-ci. Nous n\u2019avons pas d\u2019humains dans le film et donc pas de sang rouge humain. Nous esp\u00e9rons que cela jouera en notre faveur. Nous allons aller aussi loin que possible dans le cadre de ces contraintes, et nous pensons que nous serons en mesure de faire des choses assez impressionnantes et effroyables. Mais dans d\u2019autres couleurs que le rouge.\u00a0\u00bb<\/strong><\/p>\n<\/blockquote>\n<p>Et soudain, l\u2019espoir rena\u00eet. Il est vrai que les classifications am\u00e9ricaines, aussi bizarre que cela puisse para\u00eetre, jaugent la violence par rapport \u00e0 la pr\u00e9sence de sang humain \u00e0 l\u2019\u00e9cran (ou du moins, de couleur rouge). Contrairement aux pr\u00e9c\u00e9dents films de la saga, <strong>Predator : Badlands <\/strong>suivra un Predator et ses combats face \u00e0 des Yautjas, cr\u00e9atures et andro\u00efdes\u2026 sans la pr\u00e9sence d\u2019humains \u00e0 part enti\u00e8re. Rosenblatt l\u2019affirme donc en sous-texte, il peut y avoir autant de chairs d\u00e9chiquet\u00e9es, membres arrach\u00e9s et sang d\u00e9vers\u00e9 que possible dans <strong>Predator : Badlands.<\/strong><\/p>\n<p>Esp\u00e9rons que ce ne soit pas simplement de la com\u2019 et que les promesses de violence soient tenues, malgr\u00e9 cette classification inattendue. Le verdict ne tombera pas dans trop longtemps puisque <strong>Predator : Badlands arrivera au cin\u00e9ma ce 5 novembre 2025 en France.<\/strong><\/p>\n","protected":false},"excerpt":{"rendered":"Le film Predator : Badlands nous a promis un vrai carnage avec ses bandes-annonces, mais il ne sera&hellip;\n","protected":false},"author":2,"featured_media":450016,"comment_status":"","ping_status":"","sticky":false,"template":"","format":"standard","meta":{"footnotes":""},"categories":[1354],"tags":[58,59,1346,1011,27,1360],"class_list":{"0":"post-450015","1":"post","2":"type-post","3":"status-publish","4":"format-standard","5":"has-post-thumbnail","7":"category-films","8":"tag-divertissement","9":"tag-entertainment","10":"tag-films","11":"tag-fr","12":"tag-france","13":"tag-movies"},"share_on_mastodon":{"url":"https:\/\/pubeurope.com\/@fr\/115344272578065023","error":""},"_links":{"self":[{"href":"https:\/\/www.europesays.com\/fr\/wp-json\/wp\/v2\/posts\/450015","targetHints":{"allow":["GET"]}}],"collection":[{"href":"https:\/\/www.europesays.com\/fr\/wp-json\/wp\/v2\/posts"}],"about":[{"href":"https:\/\/www.europesays.com\/fr\/wp-json\/wp\/v2\/types\/post"}],"author":[{"embeddable":true,"href":"https:\/\/www.europesays.com\/fr\/wp-json\/wp\/v2\/users\/2"}],"replies":[{"embeddable":true,"href":"https:\/\/www.europesays.com\/fr\/wp-json\/wp\/v2\/comments?post=450015"}],"version-history":[{"count":0,"href":"https:\/\/www.europesays.com\/fr\/wp-json\/wp\/v2\/posts\/450015\/revisions"}],"wp:featuredmedia":[{"embeddable":true,"href":"https:\/\/www.europesays.com\/fr\/wp-json\/wp\/v2\/media\/450016"}],"wp:attachment":[{"href":"https:\/\/www.europesays.com\/fr\/wp-json\/wp\/v2\/media?parent=450015"}],"wp:term":[{"taxonomy":"category","embeddable":true,"href":"https:\/\/www.europesays.com\/fr\/wp-json\/wp\/v2\/categories?post=450015"},{"taxonomy":"post_tag","embeddable":true,"href":"https:\/\/www.europesays.com\/fr\/wp-json\/wp\/v2\/tags?post=450015"}],"curies":[{"name":"wp","href":"https:\/\/api.w.org\/{rel}","templated":true}]}}