{"id":450017,"date":"2025-10-09T12:44:15","date_gmt":"2025-10-09T12:44:15","guid":{"rendered":"https:\/\/www.europesays.com\/fr\/450017\/"},"modified":"2025-10-09T12:44:15","modified_gmt":"2025-10-09T12:44:15","slug":"cette-position-dans-laquelle-il-ne-faut-surtout-pas-dormir-selon-des-medecins","status":"publish","type":"post","link":"https:\/\/www.europesays.com\/fr\/450017\/","title":{"rendered":"cette position dans laquelle il ne faut surtout pas dormir, selon des m\u00e9decins"},"content":{"rendered":"<p class=\"mb-4 text-lg md:leading-8 break-words\">Bien qu\u2019elle puisse para\u00eetre anodine, la position dans laquelle nous dormons influence pourtant grandement la qualit\u00e9 de notre sommeil, mais aussi notre sant\u00e9 globale. Chaque nuit, notre corps profite de ce moment pour se r\u00e9g\u00e9n\u00e9rer, r\u00e9parer ses tissus et r\u00e9\u00e9quilibrer ses fonctions. Pourtant, sans que nous en ayons conscience, certaines postures peuvent nuire \u00e0 ce processus. Et si beaucoup de personnes trouvent du r\u00e9confort \u00e0 s\u2019endormir sur le ventre, les sp\u00e9cialistes tirent la sonnette d\u2019alarme sur cette position. Cette habitude, loin d\u2019\u00eatre inoffensive, serait en r\u00e9alit\u00e9 dangereuse pour notre cerveau.<\/p>\n<p>Pourquoi est-il d\u00e9conseill\u00e9 de dormir sur le ventre ?<\/p>\n<p class=\"mb-4 text-lg md:leading-8 break-words\">Pr\u00e8s de 26 % des Fran\u00e7ais avouent ne pouvoir s\u2019endormir qu\u2019allong\u00e9s sur le ventre. Pourtant, cette position, jug\u00e9e \u00ab\u00a0la moins physiologique\u00a0\u00bb, perturbe des fonctions essentielles du corps. Une \u00e9tude publi\u00e9e dans le Journal of Neuroscience r\u00e9v\u00e8le que le sommeil profond permet au syst\u00e8me glymphatique (un m\u00e9canisme d\u2019\u00e9limination des d\u00e9chets du cerveau) d\u2019\u00e9vacuer les toxines li\u00e9es \u00e0 la maladie d\u2019Alzheimer. Dormir sur le ventre, en r\u00e9duisant le flux sanguin et l\u2019apport d\u2019oxyg\u00e8ne, compromettrait cette d\u00e9toxification naturelle et occasionnerait donc un brouillard c\u00e9r\u00e9bral ainsi que des pertes de m\u00e9moire et une fatigue mentale \u00e0 long terme. Mais les effets n\u00e9fastes de cette posture ne s\u2019arr\u00eatent pas au cerveau. En comprimant la cage thoracique, elle limite la respiration (&#8230;)<\/p>\n<p class=\"mb-4 text-lg md:leading-8 break-words\"><a href=\"https:\/\/www.grazia.fr\/beaute\/forme-minceur\/dangereuse-pour-le-cerveau-cette-position-dans-laquelle-il-ne-faut-surtout-pas-dormir-selon-des-medecins-1191986.html?utm_campaign=partenariat&amp;utm_source=yahoo-articles&amp;utm_medium=flux\" rel=\"nofollow noopener\" target=\"_blank\" data-ylk=\"slk:Lire la suite sur Grazia;elm:context_link;itc:0;sec:content-canvas\" class=\"link \">Lire la suite sur Grazia<\/a><\/p>\n<p class=\"mb-4 text-lg md:leading-8 break-words\">\u00ab\u00a0Sans chirurgie, sans bistouri\u00a0\u00bb : m\u00eame Chim\u00e8ne Badi a adopt\u00e9 cette astuce minceur pour perdre 35 kilos<br \/><a href=\"https:\/\/www.grazia.fr\/beaute\/forme-minceur\/pas-question-de-suivre-un-regime-meme-tatiana-silva-a-adopte-cette-astuce-minceur-pour-garder-la-ligne-sans-privation-1192202.html?utm_campaign=partenariat&amp;utm_source=yahoo-articles&amp;utm_medium=flux\" rel=\"nofollow noopener\" target=\"_blank\" data-ylk=\"slk:&quot;Pas question de suivre un r\u00e9gime&quot; : m\u00eame Tatiana Silva a adopt\u00e9 cette astuce minceur pour garder la ligne sans privation;elm:context_link;itc:0;sec:content-canvas\" class=\"link \">\u00ab\u00a0Pas question de suivre un r\u00e9gime\u00a0\u00bb : m\u00eame Tatiana Silva a adopt\u00e9 cette astuce minceur pour garder la ligne sans privation<\/a><br \/><a href=\"https:\/\/www.grazia.fr\/people\/nicole-kidman-et-keith-urban-cette-clause-coaine-a-11-millions-de-dollars-qui-refait-surface-apres-leur-divorce-1192181.html?utm_campaign=partenariat&amp;utm_source=yahoo-articles&amp;utm_medium=flux\" rel=\"nofollow noopener\" target=\"_blank\" data-ylk=\"slk:Nicole Kidman et Keith Urban : cette \u00ab clause co*a\u00efne \u00bb \u00e0 11 millions de dollars qui refait surface apr\u00e8s leur divorce;elm:context_link;itc:0;sec:content-canvas\" class=\"link \">Nicole Kidman et Keith Urban : cette \u00ab clause co*a\u00efne \u00bb \u00e0 11 millions de dollars qui refait surface apr\u00e8s leur divorce<\/a><br \/><a href=\"https:\/\/www.grazia.fr\/mode\/crush-shopping\/a-moins-de-50e-cette-robe-zara-boheme-qui-cache-les-bras-qui-tombent-va-faire-fureur-pour-la-mi-saison-1191711.html?utm_campaign=partenariat&amp;utm_source=yahoo-articles&amp;utm_medium=flux\" rel=\"nofollow noopener\" target=\"_blank\" data-ylk=\"slk:\u00c0 moins de 50\u20ac, cette robe Zara boh\u00e8me qui cache les bras qui tombent va faire fureur pour la mi-saison;elm:context_link;itc:0;sec:content-canvas\" class=\"link \">\u00c0 moins de 50\u20ac, cette robe Zara boh\u00e8me qui cache les bras qui tombent va faire fureur pour la mi-saison<\/a><br \/><a href=\"https:\/\/www.grazia.fr\/people\/claire-chazal-mise-point-cash-lea-salame-apres-polemique-marion-cotillard-1191932.html?utm_campaign=partenariat&amp;utm_source=yahoo-articles&amp;utm_medium=flux\" rel=\"nofollow noopener\" target=\"_blank\" data-ylk=\"slk:Claire Chazal : sa mise au point cash sur L\u00e9a Salam\u00e9 apr\u00e8s la pol\u00e9mique Marion Cotillard;elm:context_link;itc:0;sec:content-canvas\" class=\"link \">Claire Chazal : sa mise au point cash sur L\u00e9a Salam\u00e9 apr\u00e8s la pol\u00e9mique Marion Cotillard<\/a><\/p>\n","protected":false},"excerpt":{"rendered":"Bien qu\u2019elle puisse para\u00eetre anodine, la position dans laquelle nous dormons influence pourtant grandement la qualit\u00e9 de notre&hellip;\n","protected":false},"author":2,"featured_media":450018,"comment_status":"","ping_status":"","sticky":false,"template":"","format":"standard","meta":{"footnotes":""},"categories":[10],"tags":[231,1011,27,72,40596,17180,71],"class_list":{"0":"post-450017","1":"post","2":"type-post","3":"status-publish","4":"format-standard","5":"has-post-thumbnail","7":"category-sante","8":"tag-cerveau","9":"tag-fr","10":"tag-france","11":"tag-health","12":"tag-pertes-de-memoire","13":"tag-position","14":"tag-sante"},"share_on_mastodon":{"url":"https:\/\/pubeurope.com\/@fr\/115344275201162338","error":""},"_links":{"self":[{"href":"https:\/\/www.europesays.com\/fr\/wp-json\/wp\/v2\/posts\/450017","targetHints":{"allow":["GET"]}}],"collection":[{"href":"https:\/\/www.europesays.com\/fr\/wp-json\/wp\/v2\/posts"}],"about":[{"href":"https:\/\/www.europesays.com\/fr\/wp-json\/wp\/v2\/types\/post"}],"author":[{"embeddable":true,"href":"https:\/\/www.europesays.com\/fr\/wp-json\/wp\/v2\/users\/2"}],"replies":[{"embeddable":true,"href":"https:\/\/www.europesays.com\/fr\/wp-json\/wp\/v2\/comments?post=450017"}],"version-history":[{"count":0,"href":"https:\/\/www.europesays.com\/fr\/wp-json\/wp\/v2\/posts\/450017\/revisions"}],"wp:featuredmedia":[{"embeddable":true,"href":"https:\/\/www.europesays.com\/fr\/wp-json\/wp\/v2\/media\/450018"}],"wp:attachment":[{"href":"https:\/\/www.europesays.com\/fr\/wp-json\/wp\/v2\/media?parent=450017"}],"wp:term":[{"taxonomy":"category","embeddable":true,"href":"https:\/\/www.europesays.com\/fr\/wp-json\/wp\/v2\/categories?post=450017"},{"taxonomy":"post_tag","embeddable":true,"href":"https:\/\/www.europesays.com\/fr\/wp-json\/wp\/v2\/tags?post=450017"}],"curies":[{"name":"wp","href":"https:\/\/api.w.org\/{rel}","templated":true}]}}