{"id":450019,"date":"2025-10-09T12:45:15","date_gmt":"2025-10-09T12:45:15","guid":{"rendered":"https:\/\/www.europesays.com\/fr\/450019\/"},"modified":"2025-10-09T12:45:15","modified_gmt":"2025-10-09T12:45:15","slug":"charlie-dalin-de-passage-au-figaro-raconte-son-combat-contre-le-cancer","status":"publish","type":"post","link":"https:\/\/www.europesays.com\/fr\/450019\/","title":{"rendered":"Charlie Dalin, de passage au Figaro, raconte son combat contre le cancer"},"content":{"rendered":"<p>\n    Vainqueur du tour du monde en janvier dernier alors qu\u2019il \u00e9tait atteint d\u2019un cancer, le Normand a \u00e9voqu\u00e9 sa terrible maladie et parl\u00e9 d\u2019avenir lors de l\u2019\u00e9mission \u00abPoints de Vue\u00bb sur Le Figaro TV.<\/p>\n<p class=\"fig-paragraph\">Il n\u2019a jamais \u00e9t\u00e9 tr\u00e8s \u00e9pais, du genre filiforme. Mais l\u00e0, il faut reconna\u00eetre que le visage est bien \u00e9maci\u00e9. \u00ab J\u2019ai perdu dix kilos de muscle\u00a0\u00bb, nous confie\u00a0<a href=\"http:\/\/www.lefigaro.fr\/sports\/voile\/le-navigateur-charlie-dalin-revele-avoir-remporte-le-vendee-globe-alors-qu-il-etait-atteint-d-un-cancer-20251008\" data-fig-type=\"NewsFlash\" data-gtm-custom-categorie=\"navigation\" data-gtm-custom-action=\"crossclick\" data-gtm-custom-label=\"Contextuel\" data-gtm-event=\"customEventSPE\" data-fig-domain=\"LEFIGARO\" rel=\"nofollow noopener\" target=\"_blank\">Charlie Dalin<\/a>, de passage dans les locaux du Figaro, ce jeudi, pour participer \u00e0 l\u2019\u00e9mission Points de Vue (Le Figaro TV). Et le sien est \u00e9videmment int\u00e9ressant, mais aussi \u00e9mouvant, en ce jour de parution de son livre La force du destin\u00a0 (\u00e9dition Gallimard), qui revient sur sa\u00a0<a href=\"http:\/\/www.lefigaro.fr\/sports\/voile\/vendee-globe\/vendee-globe-un-chef-d-oeuvre-signe-charlie-dalin-20250114\" data-fig-type=\"Article\" data-gtm-custom-categorie=\"navigation\" data-gtm-custom-action=\"crossclick\" data-gtm-custom-label=\"Contextuel\" data-gtm-event=\"customEventSPE\" data-fig-domain=\"LEFIGARO\" rel=\"nofollow noopener\" target=\"_blank\">victoire lors du Vend\u00e9e Globe 2024-2025\u00a0<\/a>et r\u00e9v\u00e8le qu\u2019il a d\u00fb disputer ce tour du monde avec un cancer et un traitement d\u2019immunoth\u00e9rapie.<\/p>\n<p class=\"fig-paragraph\">Interrog\u00e9 pendant plus d\u2019un quart d\u2019heure par Thimoth\u00e9e Dhellemmes, le Normand a racont\u00e9 le \u00ab choc\u00a0\u00bb qui a \u00e9t\u00e9 le sien en apprenant la nouvelle de sa maladie en 2023, cinq jours avant le lancement d\u2019une course et son combat pour malgr\u00e9 tout \u00eatre au d\u00e9part du Vend\u00e9e Globe, d\u00e9j\u00e0 \u00ab une grande victoire\u00a0\u00bb, avec l\u2019accord de son m\u00e9decin \u00e0 l\u2019institut Gustave Roussy. Et avec au bout de son aventure humaine hors norme, une incroyable \u00ab double victoire\u00a0\u00bb \u00e0 l\u2019issue d\u2019un bras de fer de l\u00e9gende avec Yoann Richomme. \u00ab A l\u2019arriv\u00e9e, j\u2019ai \u00e9t\u00e9 \u00e0 deux doigts d\u2019en parler en conf\u00e9rence de presse, a d\u00e9taill\u00e9 le skipper du monocoque Macif, mais au dernier moment, je me suis dit que ce n\u2019\u00e9tait pas le moment, que je voulais profiter de ma victoire telle qu\u2019elle \u00e9tait. On a parl\u00e9 du sportif, parler de la course, parler du record, mais pas parler de \u00e7a.\u00a0\u00bb La proposition de Gallimard d\u2019\u00e9crire un livre, avec le journaliste de renom Didier Ravon, aura \u00e9t\u00e9 le d\u00e9clencheur et le \u00ab bon format\u00a0\u00bb pour r\u00e9v\u00e9ler ce cancer et ce \u00ab pamplemousse de 15 centim\u00e8tres\u00a0\u00bb d\u00e9couvert sur son intestin.<\/p>\n<blockquote class=\"fig-quote&#10;    \">\n<p class=\"fig-quote__text\">Je suis toujours sous traitement, malheureusement la maladie est revenue sous une forme un petit peu diff\u00e9rente.<\/p>\n<p>            Charlie Dalin\n    <\/p><\/blockquote>\n<p>                                    <a class=\"fig-a11y-skip a11y-hidden\" href=\"#fig-a11y-skip-main-inarticle\"><br \/>\n        Passer la publicit\u00e9<br \/>\n    <\/a><\/p>\n<p class=\"fig-paragraph\">A la question, \u00ab o\u00f9 en \u00eates-vous dans votre traitement face \u00e0 cette maladie aujourd\u2019hui\u00a0?\u00a0\u00bb, Charlie Dalin a r\u00e9pondu\u00a0: \u00ab J\u2019ai \u00e9t\u00e9 op\u00e9r\u00e9 \u00e0 six semaines apr\u00e8s l\u2019arriv\u00e9e, et quand je me suis r\u00e9veill\u00e9 de l\u2019op\u00e9ration, j\u2019ai vraiment senti \u00e0 la fois le poids de l\u2019op\u00e9ration qui se rajoutait au poids de la fatigue du Vend\u00e9e globe. C\u2019est un \u00e9cart vraiment vertigineux entre l\u2019apog\u00e9e de ma carri\u00e8re de sportif. Et six semaines plus tard, me retrouver vraiment \u00e0 surmonter cette grosse plus grosse difficult\u00e9 en termes de sant\u00e9. Je suis toujours sous traitement, malheureusement la maladie est revenue sous une forme un petit peu diff\u00e9rente. Donc je suis un traitement un petit peu plus lourd, cela reste de la th\u00e9rapie cibl\u00e9e. Mais \u00e7a me fatigue peut-\u00eatre un peu plus que le m\u00e9dicament que j\u2019avais sur le Vend\u00e9e Globe\u00a0\u00bb.<\/p>\n<p class=\"fig-paragraph\">Le Normand reconna\u00eet que si \u00ab cette maladie (lui) a permis d\u2019apprendre \u00e0 relativiser les enjeux du sport\u00a0\u00bb et \u00e0 \u00ab naviguer d\u00e9tach\u00e9 mais plus d\u00e9termin\u00e9 que jamais malgr\u00e9 tout\u00a0\u00bb, elle l\u2019a oblig\u00e9 pendant son Vend\u00e9e Globe triomphal \u00e0 \u00ab vraiment dormir le plus souvent possible. D\u00e8s que j\u2019avais une minute de calme, je voulais aller m\u2019allonger et dormir. J\u2019ai enregistr\u00e9 mes temps de sommeil, et sur la moyenne du tour du monde, j\u2019ai dormi 6h30 par 24 heures, ce qui est beaucoup plus \u00e9lev\u00e9 que la moyenne des coureurs. \u00c7a m\u2019a permis de tenir sur la longueur (\u2026) Je n\u2019ai pas \u00e9t\u00e9 amoindri \u00e0 part ces questions de sommeil\u00a0\u00bb. Et d\u2019ajouter\u00a0: \u00ab Je ne me suis pas vraiment pr\u00e9occup\u00e9 de la maladie pendant la course, je l\u2019ai un peu oubli\u00e9\u00a0\u00bb.<\/p>\n<p>La porte pas ferm\u00e9e \u00e0 la Route du Rhum 2026<\/p>\n<p class=\"fig-paragraph\">Questionn\u00e9 sur le pr\u00e9sent et l\u2019avenir, Charlie Dalin a reconnu qu\u2019il vivait une ann\u00e9e 2025 \u00ab compliqu\u00e9e\u00a0\u00bb. \u00ab J\u2019ai d\u00fb mettre ma carri\u00e8re entre parenth\u00e8ses. J\u2019esp\u00e8re que je pourrais reprendre le plus rapidement le chemin des courses. Je prendrai la d\u00e9cision cet hiver si oui ou non je participerais \u00e0 la Route du Rhum 2026. Ce qui est s\u00fbr aujourd\u2019hui, malheureusement c\u2019est que dans l\u2019\u00e9tat actuel de la recherche de la science, ce n\u2019est plus possible pour moi de participer au Vend\u00e9e Globe. Donc je sais d\u00e9j\u00e0 que je ne serai pas au d\u00e9part du Vend\u00e9e Globe 2028\u00a0\u00bb. La porte n\u2019est donc pas totalement ferm\u00e9e pour la prochaine Route du rhum\u00a0: \u00ab Autant un tour du monde, c\u2019est une exigence particuli\u00e8re, autant une travers\u00e9e de l\u2019Atlantique, c\u2019est un peu un tout petit peu moins engageant. Donc je verrai cet hiver pour prendre cette d\u00e9cision. En attendant je fais un peu de sport nautique, \u00e7a me fait du bien\u00a0\u00bb.<\/p>\n<p class=\"fig-paragraph\">Ce qui fait du bien, c\u2019est aussi de voir Charlie Dalin sourire, malgr\u00e9 les circonstances, de l\u2019entendre raconter sa terrible \u00e9preuve avec pudeur mais aussi franchise. Et c\u2019est bien une forte \u00e9motion qui nous a \u00e9treint lorsqu\u2019il a quitt\u00e9 les locaux du Figaro pour poursuivre sa tourn\u00e9e m\u00e9diatique. La pr\u00e9c\u00e9dente a consacr\u00e9 une magnifique victoire contre des rivaux de qualit\u00e9, celle-l\u00e0 raconte simplement le combat d\u2019un homme contre un cancer de merde\u2026<\/p>\n","protected":false},"excerpt":{"rendered":"Vainqueur du tour du monde en janvier dernier alors qu\u2019il \u00e9tait atteint d\u2019un cancer, le Normand a \u00e9voqu\u00e9&hellip;\n","protected":false},"author":2,"featured_media":450020,"comment_status":"","ping_status":"","sticky":false,"template":"","format":"standard","meta":{"footnotes":""},"categories":[9],"tags":[1981,23152,1011,27,23151,23150,1980,60,39151,23146,10887],"class_list":{"0":"post-450019","1":"post","2":"type-post","3":"status-publish","4":"format-standard","5":"has-post-thumbnail","7":"category-sports","8":"tag-classement","9":"tag-equipage","10":"tag-fr","11":"tag-france","12":"tag-monocoque","13":"tag-multicoques","14":"tag-resultats","15":"tag-sports","16":"tag-transat","17":"tag-vendee-globe","18":"tag-voile"},"share_on_mastodon":{"url":"https:\/\/pubeurope.com\/@fr\/115344279111481083","error":""},"_links":{"self":[{"href":"https:\/\/www.europesays.com\/fr\/wp-json\/wp\/v2\/posts\/450019","targetHints":{"allow":["GET"]}}],"collection":[{"href":"https:\/\/www.europesays.com\/fr\/wp-json\/wp\/v2\/posts"}],"about":[{"href":"https:\/\/www.europesays.com\/fr\/wp-json\/wp\/v2\/types\/post"}],"author":[{"embeddable":true,"href":"https:\/\/www.europesays.com\/fr\/wp-json\/wp\/v2\/users\/2"}],"replies":[{"embeddable":true,"href":"https:\/\/www.europesays.com\/fr\/wp-json\/wp\/v2\/comments?post=450019"}],"version-history":[{"count":0,"href":"https:\/\/www.europesays.com\/fr\/wp-json\/wp\/v2\/posts\/450019\/revisions"}],"wp:featuredmedia":[{"embeddable":true,"href":"https:\/\/www.europesays.com\/fr\/wp-json\/wp\/v2\/media\/450020"}],"wp:attachment":[{"href":"https:\/\/www.europesays.com\/fr\/wp-json\/wp\/v2\/media?parent=450019"}],"wp:term":[{"taxonomy":"category","embeddable":true,"href":"https:\/\/www.europesays.com\/fr\/wp-json\/wp\/v2\/categories?post=450019"},{"taxonomy":"post_tag","embeddable":true,"href":"https:\/\/www.europesays.com\/fr\/wp-json\/wp\/v2\/tags?post=450019"}],"curies":[{"name":"wp","href":"https:\/\/api.w.org\/{rel}","templated":true}]}}