{"id":450021,"date":"2025-10-09T12:46:11","date_gmt":"2025-10-09T12:46:11","guid":{"rendered":"https:\/\/www.europesays.com\/fr\/450021\/"},"modified":"2025-10-09T12:46:11","modified_gmt":"2025-10-09T12:46:11","slug":"lhumoriste-nawell-madani-visee-par-une-enquete-pour-violence-sur-un-enfant-de-6-ans-liberation","status":"publish","type":"post","link":"https:\/\/www.europesays.com\/fr\/450021\/","title":{"rendered":"L\u2019humoriste Nawell Madani vis\u00e9e par une enqu\u00eate pour violence sur un enfant de 6 ans \u2013 Lib\u00e9ration"},"content":{"rendered":"<p class=\"sc-cPiKLX AiZTS text-element\">L\u2019humoriste Nawell Madani est accus\u00e9e d\u2019avoir port\u00e9 un coup de pied au niveau du thorax \u00e0 un enfant de 6 ans, lundi 6 octobre, en fin de soir\u00e9e sur les Champs-Elys\u00e9es. L\u2019artiste belgo-alg\u00e9rienne de 45 ans s\u2019est pr\u00e9sent\u00e9e le soir m\u00eame au commissariat du VIIIe arrondissement de Paris pour relater l\u2019incident, pressentant \u00abqu\u2019une plainte serait s\u00fbrement d\u00e9pos\u00e9e en ce sens, ce qui a effectivement \u00e9t\u00e9 le cas par la suite\u00bb, a indiqu\u00e9 le minist\u00e8re public. Une enqu\u00eate pour violence sur mineur de moins de 15 ans a \u00e9t\u00e9 ouverte. <\/p>\n<p class=\"sc-cPiKLX AiZTS text-element\">Selon la famille et les t\u00e9moins, relate <a href=\"https:\/\/www.leparisien.fr\/paris-75\/lhumoriste-nawell-madani-accusee-dagression-un-enfant-de-6-ans-blesse-apres-un-coup-de-pied-dans-le-thorax-08-10-2025-HLV5XARHMFAATBD7M7SX6TYPWU.php\" target=\"_blank\" rel=\"noreferrer nofollow noopener\" title=\"https:\/\/www.leparisien.fr\/paris-75\/lhumoriste-nawell-madani-accusee-dagression-un-enfant-de-6-ans-blesse-apres-un-coup-de-pied-dans-le-thorax-08-10-2025-HLV5XARHMFAATBD7M7SX6TYPWU.php\">le Parisien<\/a> qui a r\u00e9v\u00e9l\u00e9 l\u2019information, le petit gar\u00e7on, \u00e2g\u00e9 de 6 ans et accompagn\u00e9 de ses fr\u00e8res et de son p\u00e8re, voulait \u00absimplement prendre une photo\u00bb avec l\u2019humoriste, r\u00e9v\u00e9l\u00e9e par le Jamel Comedy Club avant d\u2019\u00e9merger au cin\u00e9ma, et caresser son chien. Elle lui aurait alors ass\u00e9n\u00e9 un violent coup qui l\u2019aurait fait tomber \u00e0 terre. \u00abLe gamin vole et s\u2019\u00e9crase au vol\u00bb, a t\u00e9moign\u00e9 son p\u00e8re au Parisien. De son c\u00f4t\u00e9, Nawell Madani a expliqu\u00e9 \u00e0 la police \u00abavoir \u00e9t\u00e9 approch\u00e9e par des enfants\u00bb et \u00abavoir eu peur d\u2019un vol\u00bb. A l\u2019AFP, elle pr\u00e9sente son geste comme \u00abun r\u00e9flexe de d\u00e9fense face \u00e0 une situation\u00bb per\u00e7ue \u00abcomme dangereuse\u00bb. <\/p>\n<p class=\"sc-cPiKLX AiZTS text-element\">Son avocate Caroline Toby poursuit sur la m\u00eame ligne de d\u00e9fense : \u00abPrise de panique, elle a voulu se prot\u00e9ger lorsqu\u2019elle a senti une pr\u00e9sence approcher son sac. Sur place, la situation \u00e9tant devenue trop tendue pour toute explication, elle s\u2019est imm\u00e9diatement rendue dans un commissariat pour relater les faits\u00bb, a-t-elle relat\u00e9. Elle resitue les faits dans un certain contexte : l\u2019humoriste marchait \u00abseule dans la rue, \u00e9vitant de se retourner sur les individus qui la suivaient sur plusieurs dizaines de m\u00e8tres, avec qui elle n\u2019avait eu aucun \u00e9change et dont elle ignorait totalement les intentions\u00bb. <\/p>\n<p class=\"sc-cPiKLX AiZTS text-element\">L\u2019humoriste s\u2019est tr\u00e8s vite dit \u00abprofond\u00e9ment affect\u00e9e par ce qui s\u2019est pass\u00e9 et tient \u00e0 exprimer toute sa tristesse \u00e0 l\u2019\u00e9gard de l\u2019enfant et de sa famille\u00bb a ajout\u00e9 l\u2019avocate. Elle serait \u00absoulag\u00e9e de savoir que le plaignant se porte bien\u00bb et prendrait \u00abr\u00e9guli\u00e8rement de ses nouvelles\u00bb, alors que le gar\u00e7on a \u00e9t\u00e9 hospitalis\u00e9 \u00e0 Necker \u00e0 la suite de l\u2019incident. <\/p>\n<p class=\"sc-cPiKLX AiZTS text-element\">Pendant que l\u2019enqu\u00eate suit son cours, l\u2019avocate assure que sa cliente \u00aba pleinement collabor\u00e9 avec les services de police pour que l\u2019enqu\u00eate judiciaire en cours permettre d\u2019\u00e9tablir les faits avec pr\u00e9cision au-del\u00e0 des interpr\u00e9tations et des images relay\u00e9es\u00bb, ayant \u00abconfiance dans la justice pour faire toute la lumi\u00e8re sur cette affaire\u00bb. <\/p>\n","protected":false},"excerpt":{"rendered":"L\u2019humoriste Nawell Madani est accus\u00e9e d\u2019avoir port\u00e9 un coup de pied au niveau du thorax \u00e0 un enfant&hellip;\n","protected":false},"author":2,"featured_media":450022,"comment_status":"","ping_status":"","sticky":false,"template":"","format":"standard","meta":{"footnotes":""},"categories":[8],"tags":[58,59,118,1011,27,626],"class_list":{"0":"post-450021","1":"post","2":"type-post","3":"status-publish","4":"format-standard","5":"has-post-thumbnail","7":"category-divertissement","8":"tag-divertissement","9":"tag-entertainment","10":"tag-faits-divers","11":"tag-fr","12":"tag-france","13":"tag-paris"},"share_on_mastodon":{"url":"https:\/\/pubeurope.com\/@fr\/115344283496862743","error":""},"_links":{"self":[{"href":"https:\/\/www.europesays.com\/fr\/wp-json\/wp\/v2\/posts\/450021","targetHints":{"allow":["GET"]}}],"collection":[{"href":"https:\/\/www.europesays.com\/fr\/wp-json\/wp\/v2\/posts"}],"about":[{"href":"https:\/\/www.europesays.com\/fr\/wp-json\/wp\/v2\/types\/post"}],"author":[{"embeddable":true,"href":"https:\/\/www.europesays.com\/fr\/wp-json\/wp\/v2\/users\/2"}],"replies":[{"embeddable":true,"href":"https:\/\/www.europesays.com\/fr\/wp-json\/wp\/v2\/comments?post=450021"}],"version-history":[{"count":0,"href":"https:\/\/www.europesays.com\/fr\/wp-json\/wp\/v2\/posts\/450021\/revisions"}],"wp:featuredmedia":[{"embeddable":true,"href":"https:\/\/www.europesays.com\/fr\/wp-json\/wp\/v2\/media\/450022"}],"wp:attachment":[{"href":"https:\/\/www.europesays.com\/fr\/wp-json\/wp\/v2\/media?parent=450021"}],"wp:term":[{"taxonomy":"category","embeddable":true,"href":"https:\/\/www.europesays.com\/fr\/wp-json\/wp\/v2\/categories?post=450021"},{"taxonomy":"post_tag","embeddable":true,"href":"https:\/\/www.europesays.com\/fr\/wp-json\/wp\/v2\/tags?post=450021"}],"curies":[{"name":"wp","href":"https:\/\/api.w.org\/{rel}","templated":true}]}}