{"id":450028,"date":"2025-10-09T12:50:11","date_gmt":"2025-10-09T12:50:11","guid":{"rendered":"https:\/\/www.europesays.com\/fr\/450028\/"},"modified":"2025-10-09T12:50:11","modified_gmt":"2025-10-09T12:50:11","slug":"francois-xavier-bellamy-et-la-majorite-de-la-delegation-francaise-du-ppe-ont-vote-lune-des-motions-de-censure-contre-ursula-von-der-leyen","status":"publish","type":"post","link":"https:\/\/www.europesays.com\/fr\/450028\/","title":{"rendered":"Fran\u00e7ois-Xavier Bellamy et la majorit\u00e9 de la d\u00e9l\u00e9gation fran\u00e7aise du PPE ont vot\u00e9 l\u2019une des motions de censure contre Ursula von der Leyen"},"content":{"rendered":"<p>\n    <strong>INFO LE FIGARO &#8211;<\/strong> La pr\u00e9sidente de la Commission europ\u00e9enne, qui a \u00e9chapp\u00e9 \u00e0 deux motions de censure ce jeudi, fait partie elle-m\u00eame partie du parti de droite europ\u00e9en. Le vice-pr\u00e9sident de LR veut lancer un \u00abavertissement clair\u00bb au sujet du Mercosur.<\/p>\n<p class=\"fig-paragraph\">Petit tremblement de terre au sein de la droite europ\u00e9enne. Une partie de la d\u00e9l\u00e9gation fran\u00e7aise du\u00a0<a href=\"https:\/\/www.lefigaro.fr\/politique\/parti-populaire-europeen-une-vice-presidence-perdue-d-avance-20220601\" data-fig-type=\"Article\" data-gtm-custom-categorie=\"navigation\" data-gtm-custom-action=\"crossclick\" data-gtm-custom-label=\"Contextuel\" data-gtm-event=\"customEventSPE\" data-fig-domain=\"LEFIGARO\" rel=\"nofollow noopener\" target=\"_blank\">Parti populaire europ\u00e9en<\/a>\u00a0(PPE) a vot\u00e9 la censure contre\u00a0<a href=\"http:\/\/www.lefigaro.fr\/international\/ursula-von-der-leyen-face-a-la-fronde-des-partis-extremistes-au-parlement-europeen-20251008\" data-fig-type=\"Article\" data-gtm-custom-categorie=\"navigation\" data-gtm-custom-action=\"crossclick\" data-gtm-custom-label=\"Contextuel\" data-gtm-event=\"customEventSPE\" data-fig-domain=\"LEFIGARO\" rel=\"nofollow noopener\" target=\"_blank\">Ursula von\u00a0der\u00a0Leyen<\/a>. Deux motions de censure d\u00e9pos\u00e9es contre la pr\u00e9sidente de la commission europ\u00e9enne ont \u00e9t\u00e9 soumises au vote et rejet\u00e9es ce jeudi 9 octobre. Quatre d\u00e9put\u00e9s sur six, Fran\u00e7ois-Xavier Bellamy, Laurent Castillo, Christophe Gomart et C\u00e9line Imart ont vot\u00e9 celle qui avait \u00e9t\u00e9 d\u00e9pos\u00e9e par les Patriotes pour l\u2019Europe, le groupe auquel appartient la d\u00e9l\u00e9gation du Rassemblement national.<\/p>\n<p class=\"fig-paragraph\">Cette motion de censure mentionnait notamment le Mercosur et a r\u00e9colt\u00e9 179 voix. L\u2019autre motion de censure, port\u00e9e par la gauche radicale, n\u2019a eu que 133 voix. Dans les deux cas, un r\u00e9sultat tr\u00e8s \u00e9loign\u00e9 des 361 voix requises pour renverser la pr\u00e9sidente de la Commission europ\u00e9enne. Le concours des d\u00e9put\u00e9s du PPE n\u2019aura pas permis de renverser le scrutin, mais envoie un signal, dans la mesure o\u00f9 la pr\u00e9sidente de la Commission europ\u00e9enne appartient \u00e0 la m\u00eame famille politique europ\u00e9enne. Les deux derniers d\u00e9put\u00e9s de la d\u00e9l\u00e9gation n\u2019ont pas vot\u00e9 la motion\u00a0: Nadine Morano s\u2019est abstenue et Isabelle Le Callennec n\u2019a pas particip\u00e9 au vote.<\/p>\n<p>                                    <a class=\"fig-a11y-skip a11y-hidden\" href=\"#fig-a11y-skip-main-inarticle\"><br \/>\n        Passer la publicit\u00e9<br \/>\n    <\/a><\/p>\n<p>\u00abFaire entendre la voix des Fran\u00e7ais\u00bb<\/p>\n<p class=\"fig-paragraph\">\u00abC\u2019est une motion qui n\u2019avait aucune chance de passer\u00bb, explique le chef de file de la d\u00e9l\u00e9gation fran\u00e7aise du PPE Fran\u00e7ois-Xavier Bellamy, par ailleurs vice-pr\u00e9sident de Les R\u00e9publicains (LR). \u00abMais pour nous, c\u2019est une mani\u00e8re de lancer un avertissement clair sur un sujet qui est critique pour nous\u00a0: le Mercosur. C\u2019est aussi une fa\u00e7on de demander le respect de nos d\u00e9mocraties puisque la motion \u00e9voquait que les parlements nationaux ne pourraient pas \u00eatre associ\u00e9s \u00e0 la ratification du Mercosur. C\u2019est dans la droite ligne de la politique que nous d\u00e9fendons tous les jours ici avec C\u00e9line Imart pour la d\u00e9fense de nos agriculteurs.\u00bb<\/p>\n<p class=\"fig-paragraph\">Fran\u00e7ois-Xavier Bellamy dit ne pas craindre qu\u2019un tel vote puisse fracturer le PPE, qui est au c\u0153ur de la coalition majoritaire au parlement europ\u00e9en. \u00abNous sommes totalement engag\u00e9s au sein du PPE\u00bb, souligne-t-il. \u00abNous obtenons des r\u00e9sultats tous les jours sur la simplification normative pour le monde agricole, sur la suppression des contraintes r\u00e9glementaires pour les entreprises, sur l\u2019immigration, etc. Mais je ne suis pas au PE pour faire entendre la voix de la commission europ\u00e9enne. Je suis l\u00e0 pour faire entendre la voix des Fran\u00e7ais aupr\u00e8s de la commission europ\u00e9enne.\u00bb<\/p>\n<p class=\"fig-paragraph\">Une motion de censure avait d\u00e9j\u00e0 \u00e9t\u00e9 d\u00e9pos\u00e9e en juillet contre Ursula von\u00a0der\u00a0Leyen mais le PPE en g\u00e9n\u00e9ral et la d\u00e9l\u00e9gation fran\u00e7aise en particulier n\u2019y avaient pas apport\u00e9 leur concours. \u00abElle n\u2019\u00e9tait pas fond\u00e9e sur des arguments valables\u00bb, explique Fran\u00e7ois-Xavier Bellamy. \u00abDe m\u00eame, nous avons vot\u00e9 aujourd\u2019hui contre la motion de censure qui reprochait \u00e0 la Commission europ\u00e9enne de ne pas d\u00e9noncer un g\u00e9nocide \u00e0 Gaza. Nous ne votons pas ce genre de motions pour le plaisir, ni de fa\u00e7on automatique.\u00bb<\/p>\n","protected":false},"excerpt":{"rendered":"INFO LE FIGARO &#8211; La pr\u00e9sidente de la Commission europ\u00e9enne, qui a \u00e9chapp\u00e9 \u00e0 deux motions de censure&hellip;\n","protected":false},"author":2,"featured_media":450029,"comment_status":"","ping_status":"","sticky":false,"template":"","format":"standard","meta":{"footnotes":""},"categories":[4],"tags":[11,9006,1011,27,41135,12,8552,25,2544],"class_list":{"0":"post-450028","1":"post","2":"type-post","3":"status-publish","4":"format-standard","5":"has-post-thumbnail","7":"category-france","8":"tag-actualites","9":"tag-censure","10":"tag-fr","11":"tag-france","12":"tag-francois-xavier-bellamy","13":"tag-news","14":"tag-parlement-europeen","15":"tag-republique-francaise","16":"tag-ursula-von-der-leyen"},"share_on_mastodon":{"url":"https:\/\/pubeurope.com\/@fr\/115344298775568570","error":""},"_links":{"self":[{"href":"https:\/\/www.europesays.com\/fr\/wp-json\/wp\/v2\/posts\/450028","targetHints":{"allow":["GET"]}}],"collection":[{"href":"https:\/\/www.europesays.com\/fr\/wp-json\/wp\/v2\/posts"}],"about":[{"href":"https:\/\/www.europesays.com\/fr\/wp-json\/wp\/v2\/types\/post"}],"author":[{"embeddable":true,"href":"https:\/\/www.europesays.com\/fr\/wp-json\/wp\/v2\/users\/2"}],"replies":[{"embeddable":true,"href":"https:\/\/www.europesays.com\/fr\/wp-json\/wp\/v2\/comments?post=450028"}],"version-history":[{"count":0,"href":"https:\/\/www.europesays.com\/fr\/wp-json\/wp\/v2\/posts\/450028\/revisions"}],"wp:featuredmedia":[{"embeddable":true,"href":"https:\/\/www.europesays.com\/fr\/wp-json\/wp\/v2\/media\/450029"}],"wp:attachment":[{"href":"https:\/\/www.europesays.com\/fr\/wp-json\/wp\/v2\/media?parent=450028"}],"wp:term":[{"taxonomy":"category","embeddable":true,"href":"https:\/\/www.europesays.com\/fr\/wp-json\/wp\/v2\/categories?post=450028"},{"taxonomy":"post_tag","embeddable":true,"href":"https:\/\/www.europesays.com\/fr\/wp-json\/wp\/v2\/tags?post=450028"}],"curies":[{"name":"wp","href":"https:\/\/api.w.org\/{rel}","templated":true}]}}