{"id":450030,"date":"2025-10-09T12:51:14","date_gmt":"2025-10-09T12:51:14","guid":{"rendered":"https:\/\/www.europesays.com\/fr\/450030\/"},"modified":"2025-10-09T12:51:14","modified_gmt":"2025-10-09T12:51:14","slug":"en-direct-tarn-proces-de-cedric-jubillar-jennifer-une-autre-ex-compagne-sur-le-point-detre-entendue-le-dauphine-libere","status":"publish","type":"post","link":"https:\/\/www.europesays.com\/fr\/450030\/","title":{"rendered":"En direct Tarn. Proc\u00e8s de C\u00e9dric Jubillar : Jennifer, une autre ex-compagne, sur le point d&#039;\u00eatre entendue &#8211; Le Dauphin\u00e9 Lib\u00e9r\u00e9"},"content":{"rendered":"<ol>\n<li><a href=\"https:\/\/news.google.com\/rss\/articles\/CBMi7gFBVV95cUxOTUZUN2JqaEJjd21uMzF2S29lRjk3MHNrdWNIMlRsUlpLcHNGV2NudFZ6VzlwQ21Dc0RVbnYwQ3JHWDBSQlduYUlFRXhubDVsWE9YRHh3eW11bUdzeU5iWDVVZzNFZkh0WkRjdjg2cTlFZlFMWVZTd21VUDhEMGhYZkJ6NDJYSWpDcnRxRVh5ZWJHZzM3Y2xmVkV3aGhhMHJ3OFByWGNTendTSTZoMnVGZ3hyTnBHSUV3NC1UTWF3Z256bjdBbG03TDBNQTFSRjZfUU9IZWdlRlltWDVJYTBCQWNfT2tHMnM1VzZnZGxB?oc=5\" target=\"_blank\" rel=\"noopener\">En direct Tarn. Proc\u00e8s de C\u00e9dric Jubillar : Jennifer, une autre ex-compagne, sur le point d&rsquo;\u00eatre entendue<\/a>&nbsp;&nbsp;Le Dauphin\u00e9 Lib\u00e9r\u00e9<\/li>\n<li><a href=\"https:\/\/news.google.com\/rss\/articles\/CBMi9AFBVV95cUxQT2xWNllsTTA2djRqVXlxcXlkNVlTYVpvS25NVTVwUTRxSGNHc0FiQ2Z3TDd5bllGUzRQNWJ3enVsS0d3ZVFmWlZ3b0tuUER6ZGJVdjdGTURzcE0xdS1rZGswOHRHbTZDWTlZU2V2V3NwQWtIOFltZGNGQzJSWU1aQ0MzaEpiMmxLbWVEZXRoUjFwWGMxWDc4aVZ0MGtlZ1FMSnNXQk1FT3l6djRZQkhNQXpMZVd1NG9RNHo5UGxucVg3RTdZYU5XeGN3Wk1wT0NBOTZ6MmRXaERWOUVlU1kxaE8zSlpnb3RqY0FmU2VpSzZPd3J6?oc=5\" target=\"_blank\" rel=\"noopener\">DIRECT. Proc\u00e8s Jubillar : \u00ab\u00a0Vous dites n\u2019importe quoi\u00a0\u00bb, \u00ab\u00a0c\u2019est grotesque\u00a0\u00bb\u2026 L\u2019ex-compagne de C\u00e9dric Jubillar mise \u00e0 mal par l\u2019accusation<\/a>&nbsp;&nbsp;ladepeche.fr<\/li>\n<li><a href=\"https:\/\/news.google.com\/rss\/articles\/CBMi_gFBVV95cUxNbmVtZFpMUFJyMGg3US1kREdsUF84UlhrWUhjLWJoZ3QxZElsTHNoWGtlamwxTktXWjRyU1F5b05xNlZBdkNicjFqeWlfYkVuWkJBNWo1RFltRnVUQ1ZGN055Tk1OZVhZZ0RaREJEZXYyc1cwbE15TGJMLTRWemxfbTZVWVNZZk8zcDJqaUNxd2NtMHE4bm9DM0lxWDNFZE9rTGpLRTZFRmZZNEdQNm9iMGhVdjRZRUlOZTZNbmpzWmp4bDNmN2twanlZQ0VUckdSaTZJcHNleEFJTW9QY1ctV3F6VllJdXZkYWZxNTdtMUxMZzI5WlRWOHpzUFl4UQ?oc=5\" target=\"_blank\" rel=\"noopener\">Proc\u00e8s de C\u00e9dric Jubillar : \u00ab avec le recul \u00bb, une ex-compagne a \u00ab du mal \u00e0 croire qu\u2019il a fait \u00e7a \u00bb<\/a>&nbsp;&nbsp;Le Parisien<\/li>\n<li><a href=\"https:\/\/news.google.com\/rss\/articles\/CBMi5AFBVV95cUxQS1dfekJiUVpmMjZzNmpVNXMyT2x0QkpFTmFKaTFjRG5fOFRqNXBUaUZMTDZ2WnpuMk9XOE11Ul9hbVBEUHF6U3lQTGFjS01aTkw5cWJWc3RkUmJBaHdCM0dMWC1LYnBNZDNKQWdlMm02MktEeG0wVVZPVmtWS1M4OVBEbTNqX0ppQUhYS0s4OVVkREs1TWtFcGhtSktGUlBfQTVGMmU4MDhhenVmRnhDN0xZeWpISmhaOFlBRFFmU3FRZkZscGtjdVFUSGs0dFBIeW1aWnp1ZzROSk51THVreWVPemg?oc=5\" target=\"_blank\" rel=\"noopener\">Proc\u00e8s de C\u00e9dric Jubillar : Marco, l\u2019ancien cod\u00e9tenu, affirme avoir les aveux du principal suspect<\/a>&nbsp;&nbsp;Portail Orange<\/li>\n<li><a href=\"https:\/\/news.google.com\/rss\/articles\/CBMigwJBVV95cUxOdDFNVnE0Y21yX08wQUtHT0lobEwzbkcxMVFZVVBCQnIzc2NYSWFmMjVlQ2d4TjNUVHJpeU9SMGV4V0lONHZHcmIwa1VBZFFLOVNILXJpenZxVmtOMFgxR1VjYW1NUUp2TkpKamhfUGdyZXpnMENncU5nZWlDOXVmaHBONHJYYmVWRGRfX1JvemtkdGNmemdTdmRLTmlLMXZTUWN6NHBOR1NoVkY2dXoxbHBhSVBPZHFla2w0OFlXelJqSXpOcl9QeGlQWXE0SjRFLTU5RFYxTndHUDNVbk1COTg1Zy1ud3h6cEJ6TzdQRW1RRzR0ZWw1d0EzSFRmbllOS01R?oc=5\" target=\"_blank\" rel=\"noopener\">Proc\u00e8s de C\u00e9dric Jubillar: un \u00ab\u00a0ami virtuel\u00a0\u00bb de l\u2019accus\u00e9, tr\u00e8s impliqu\u00e9 dans sa d\u00e9fense, s\u2019attire les foudres des avocats<\/a>&nbsp;&nbsp;BFMTV<\/li>\n<\/ol>\n","protected":false},"excerpt":{"rendered":"En direct Tarn. Proc\u00e8s de C\u00e9dric Jubillar : Jennifer, une autre ex-compagne, sur le point d&rsquo;\u00eatre entendue&nbsp;&nbsp;Le Dauphin\u00e9&hellip;\n","protected":false},"author":2,"featured_media":450031,"comment_status":"","ping_status":"","sticky":false,"template":"","format":"standard","meta":{"footnotes":""},"categories":[2],"tags":[11,271,272,12255,41602,274,107,1011,27,329,12],"class_list":{"0":"post-450030","1":"post","2":"type-post","3":"status-publish","4":"format-standard","5":"has-post-thumbnail","7":"category-actualites","8":"tag-actualites","9":"tag-crime","10":"tag-delit-et-contravention","11":"tag-direct-actualite","12":"tag-disparition-de-delphine-jubillar","13":"tag-faits-divers-justice","14":"tag-fil-info","15":"tag-fr","16":"tag-france","17":"tag-france-monde","18":"tag-news"},"share_on_mastodon":{"url":"https:\/\/pubeurope.com\/@fr\/115344302793084602","error":""},"_links":{"self":[{"href":"https:\/\/www.europesays.com\/fr\/wp-json\/wp\/v2\/posts\/450030","targetHints":{"allow":["GET"]}}],"collection":[{"href":"https:\/\/www.europesays.com\/fr\/wp-json\/wp\/v2\/posts"}],"about":[{"href":"https:\/\/www.europesays.com\/fr\/wp-json\/wp\/v2\/types\/post"}],"author":[{"embeddable":true,"href":"https:\/\/www.europesays.com\/fr\/wp-json\/wp\/v2\/users\/2"}],"replies":[{"embeddable":true,"href":"https:\/\/www.europesays.com\/fr\/wp-json\/wp\/v2\/comments?post=450030"}],"version-history":[{"count":0,"href":"https:\/\/www.europesays.com\/fr\/wp-json\/wp\/v2\/posts\/450030\/revisions"}],"wp:featuredmedia":[{"embeddable":true,"href":"https:\/\/www.europesays.com\/fr\/wp-json\/wp\/v2\/media\/450031"}],"wp:attachment":[{"href":"https:\/\/www.europesays.com\/fr\/wp-json\/wp\/v2\/media?parent=450030"}],"wp:term":[{"taxonomy":"category","embeddable":true,"href":"https:\/\/www.europesays.com\/fr\/wp-json\/wp\/v2\/categories?post=450030"},{"taxonomy":"post_tag","embeddable":true,"href":"https:\/\/www.europesays.com\/fr\/wp-json\/wp\/v2\/tags?post=450030"}],"curies":[{"name":"wp","href":"https:\/\/api.w.org\/{rel}","templated":true}]}}