{"id":450034,"date":"2025-10-09T12:53:13","date_gmt":"2025-10-09T12:53:13","guid":{"rendered":"https:\/\/www.europesays.com\/fr\/450034\/"},"modified":"2025-10-09T12:53:13","modified_gmt":"2025-10-09T12:53:13","slug":"les-gens-ont-des-propos-racistes-parce-que-les-politiques-les-y-encouragent","status":"publish","type":"post","link":"https:\/\/www.europesays.com\/fr\/450034\/","title":{"rendered":"\u00ab Les gens ont des propos racistes parce que les politiques les y encouragent\u00a0\u00bb"},"content":{"rendered":"<p>C\u2019est pour \u00e9changer avec des travailleurs sociaux de la Sauvegarde 42, ainsi que des jeunes que la structure prend en charge (des mineurs non accompagn\u00e9s), que Dominique Sopo vient de passer deux jours \u00e0 Saint-Etienne.<\/p>\n<p>L\u2019embl\u00e9matique pr\u00e9sident de SOS Racisme a \u00e9voqu\u00e9 avec eux les agressions du quotidien. \u00ab\u00a0La plupart de ceux que j\u2019ai rencontr\u00e9s m\u2019ont dit s\u2019\u00eatre fait traiter de \u2019\u2019sale noir\u2019\u2019, nous confie-t-il. Souvent, la sid\u00e9ration les paralyse. Quelques-uns r\u00e9agissent, mais parfois dans l\u2019exc\u00e8s. Le but de la rencontre est de leur dire\u00a0: ne laissez rien passer, mais ne vous mettez pas hors-la-loi non plus.\u00a0\u00bb<\/p>\n<p>  \u00ab\u00a0Les sondages montrent que les pr\u00e9jug\u00e9s racistes reculent\u00a0\u00bb<\/p>\n<p>La Loire n\u2019est pas plus concern\u00e9e qu\u2019ailleurs, <a href=\"https:\/\/www.leprogres.fr\/faits-divers-justice\/2025\/08\/17\/des-inscriptions-racistes-et-antisemites-sur-la-cathedrale-saint-charles\" target=\"_blank\" rel=\"noopener\">malgr\u00e9 des tags sur la cath\u00e9drale de Saint-\u00c9tienne<\/a> ou <a href=\"https:\/\/www.leprogres.fr\/faits-divers-justice\/2025\/09\/17\/un-pied-de-sanglier-decouvert-devant-la-mosquee-du-chambon-feugerolles\" target=\"_blank\" rel=\"noopener\">un pied de sanglier devant la mosqu\u00e9e du Chambon-Feugerolles<\/a> r\u00e9cemment. Mais le pr\u00e9sident de la section locale, Karim Ben Younes, explique que \u00ab\u00a0le plus simple dossier dont nous sommes saisis prend beaucoup de temps. Et les victimes sont souvent d\u00e9courag\u00e9es, se disant que \u00e7a ne sert \u00e0 rien de d\u00e9poser plainte\u00a0\u00bb.<\/p>\n<p>Dominique Sopo appelle justement \u00e0 ne pas baisser les bras : \u00ab\u00a0La parole des antiracistes ne trouve plus sa place dans l\u2019espace public, il faut que \u00e7a change.\u00a0\u00bb D\u2019autant que \u00ab\u00a0les sondages montrent que les pr\u00e9jug\u00e9s racistes reculent, ce qui est plut\u00f4t positif \u00bb.<\/p>\n<p>  CNews, le RN et Zemmour dans le collimateur<\/p>\n<p>Le probl\u00e8me, d\u2019apr\u00e8s lui, \u00ab\u00a0ce n\u2019est pas qu\u2019il y a plus de racistes, mais ceux-ci se sentent autoris\u00e9s \u00e0 s\u2019exprimer\u00a0\u00bb. Et l\u2019explication est simple\u00a0: \u00ab\u00a0Que ce soit dans les m\u00e9dias, comme CNews, ou dans certains partis comme RN ou Reconqu\u00eate, la parole est d\u00e9complex\u00e9e. Les gens ont des propos racistes parce que les politiques les y encouragent.\u00a0\u00bb<\/p>\n<p>Et ce n\u2019est pas le contexte actuel qui va arranger les choses\u00a0: \u00ab\u00a0Avec l\u2019instabilit\u00e9 institutionnelle, il y a une perte de cr\u00e9dibilit\u00e9 de la parole politique. \u00bb<\/p>\n<p class=\"note\">\u00c0 noter que SOS Racisme Loire organise un cin\u00e9-d\u00e9bat le 14\u00a0octobre autour de Mascus, un documentaire sur les masculinistes, alors <a href=\"https:\/\/www.leprogres.fr\/faits-divers-justice\/2025\/07\/02\/un-projet-d-attentat-masculiniste-dejoue-pres-de-saint-etienne-le-suspect-de-18-ans-ecroue\" target=\"_blank\" rel=\"noopener\">qu\u2019un projet d\u2019attentat masculiniste a \u00e9t\u00e9 d\u00e9jou\u00e9 \u00e0 Saint-\u00c9tienne<\/a> cet \u00e9t\u00e9. \u00c0 voir au M\u00e9li\u00e8s Saint-Fran\u00e7ois \u00e0 18\u00a0h\u00a030.<\/p>\n","protected":false},"excerpt":{"rendered":"C\u2019est pour \u00e9changer avec des travailleurs sociaux de la Sauvegarde 42, ainsi que des jeunes que la structure&hellip;\n","protected":false},"author":2,"featured_media":450035,"comment_status":"","ping_status":"","sticky":false,"template":"","format":"standard","meta":{"footnotes":""},"categories":[9653],"tags":[1111,11,2430,6084,7539,1777,674,1011,27,1061,3367,12,25,4001,7538,104,1631],"class_list":{"0":"post-450034","1":"post","2":"type-post","3":"status-publish","4":"format-standard","5":"has-post-thumbnail","7":"category-saint-etienne","8":"tag-actu","9":"tag-actualites","10":"tag-auvergne-rhone-alpes","11":"tag-droit","12":"tag-edition-loire-sud","13":"tag-eu","14":"tag-europe","15":"tag-fr","16":"tag-france","17":"tag-immigration","18":"tag-loire","19":"tag-news","20":"tag-republique-francaise","21":"tag-saint-etienne","22":"tag-saint-etienne-ville","23":"tag-societe","24":"tag-vie-associative"},"share_on_mastodon":{"url":"https:\/\/pubeurope.com\/@fr\/115344310739075100","error":""},"_links":{"self":[{"href":"https:\/\/www.europesays.com\/fr\/wp-json\/wp\/v2\/posts\/450034","targetHints":{"allow":["GET"]}}],"collection":[{"href":"https:\/\/www.europesays.com\/fr\/wp-json\/wp\/v2\/posts"}],"about":[{"href":"https:\/\/www.europesays.com\/fr\/wp-json\/wp\/v2\/types\/post"}],"author":[{"embeddable":true,"href":"https:\/\/www.europesays.com\/fr\/wp-json\/wp\/v2\/users\/2"}],"replies":[{"embeddable":true,"href":"https:\/\/www.europesays.com\/fr\/wp-json\/wp\/v2\/comments?post=450034"}],"version-history":[{"count":0,"href":"https:\/\/www.europesays.com\/fr\/wp-json\/wp\/v2\/posts\/450034\/revisions"}],"wp:featuredmedia":[{"embeddable":true,"href":"https:\/\/www.europesays.com\/fr\/wp-json\/wp\/v2\/media\/450035"}],"wp:attachment":[{"href":"https:\/\/www.europesays.com\/fr\/wp-json\/wp\/v2\/media?parent=450034"}],"wp:term":[{"taxonomy":"category","embeddable":true,"href":"https:\/\/www.europesays.com\/fr\/wp-json\/wp\/v2\/categories?post=450034"},{"taxonomy":"post_tag","embeddable":true,"href":"https:\/\/www.europesays.com\/fr\/wp-json\/wp\/v2\/tags?post=450034"}],"curies":[{"name":"wp","href":"https:\/\/api.w.org\/{rel}","templated":true}]}}