{"id":450041,"date":"2025-10-09T12:57:11","date_gmt":"2025-10-09T12:57:11","guid":{"rendered":"https:\/\/www.europesays.com\/fr\/450041\/"},"modified":"2025-10-09T12:57:11","modified_gmt":"2025-10-09T12:57:11","slug":"festival-brin-de-culture-a-toulon-quand-agriculture-et-culture-se-rencontrent","status":"publish","type":"post","link":"https:\/\/www.europesays.com\/fr\/450041\/","title":{"rendered":"Festival Brin de Culture \u00e0 Toulon : quand agriculture et culture se rencontrent"},"content":{"rendered":"<p>\t\t\t\t\t\t\t\tFestival Brin de Culture : une rencontre entre fermes et citadins<\/p>\n<p>Le samedi 4 octobre, le march\u00e9 des producteurs de Toulon a pris une autre dimension. D\u00e8s le matin, les visiteurs ont d\u00e9couvert des \u00e9tals enrichis d\u2019animations. Les organisateurs ont cherch\u00e9 \u00e0 cr\u00e9er un dialogue entre agriculture et culture. La Chambre d\u2019agriculture du Var a soutenu cette initiative.<\/p>\n<p>Un programme ouvert et vari\u00e9<\/p>\n<p>Au fil de la matin\u00e9e, enfants et adultes ont particip\u00e9 \u00e0 des ateliers. Un dessinateur a propos\u00e9 une activit\u00e9 autour de la bande dessin\u00e9e. D\u2019autres stands ont accueilli jeux de soci\u00e9t\u00e9 sur l\u2019agriculture, maquillage pour enfants et troc de livres. Un ap\u00e9ritif des producteurs et une tombola ont compl\u00e9t\u00e9 l\u2019offre.<\/p>\n<p>Un cadre convivial et accessible<\/p>\n<p>Les familles ont profit\u00e9 de l\u2019\u00e9v\u00e9nement dans un cadre ouvert et gratuit. Le march\u00e9 du cours Lendrin a servi de point de rencontre entre producteurs et habitants. Cette place urbaine a permis d\u2019associer la convivialit\u00e9 d\u2019un march\u00e9 et la d\u00e9couverte d\u2019initiatives culturelles.<\/p>\n<p>Une action pour valoriser le territoire<\/p>\n<p>L\u2019objectif de ce festival est clair. Il s\u2019agit de mieux faire conna\u00eetre les acteurs agricoles du Var. Mais aussi de montrer que les savoir-faire locaux s\u2019associent aux dynamiques culturelles. En r\u00e9unissant public et producteurs, l\u2019\u00e9v\u00e9nement donne du sens au lien social et au territoire.<\/p>\n<p>Le festival Brin de Culture a offert une matin\u00e9e simple et vivante. Toulon a ainsi accueilli un rendez-vous qui relie agriculture, culture et habitants dans un cadre accessible \u00e0 tous.<\/p>\n<p>Pour en savoir plus<\/p>\n<blockquote><p>\n\u00c0 propos de Brin de Culture<\/p>\n<p>Le festival Brin de Culture se d\u00e9roule chaque ann\u00e9e en r\u00e9gion Provence-Alpes-C\u00f4te d\u2019Azur. Il associe agriculture et culture \u00e0 travers des animations ouvertes \u00e0 tous : concerts, spectacles, ateliers et d\u00e9couvertes artisanales. Organis\u00e9 par les Chambres d\u2019agriculture r\u00e9gionales et soutenu par la R\u00e9gion Sud, il valorise le lien entre producteurs, territoires et habitants.<\/p>\n<p><a href=\"https:\/\/www.bienvenue-a-la-ferme.com\/\" target=\"_blank\" rel=\"noopener\">Le label Bienvenue \u00e0 la ferme<\/a><\/p>\n<p>Le r\u00e9seau Bienvenue \u00e0 la ferme r\u00e9unit plus de 10 000 agriculteurs engag\u00e9s dans les circuits courts et l\u2019accueil \u00e0 la ferme. Avec plus de 5 200 points de vente en France, il valorise les produits locaux, soutient la proximit\u00e9 et cr\u00e9e du lien direct entre producteurs et citoyens.<\/p>\n<\/blockquote>\n<p>A lire aussi<\/p>\n<p><a href=\"https:\/\/www.info83.fr\/caves-syllazur-clap-de-fin-pour-les-vendanges\/\" target=\"_blank\" rel=\"noopener\">Cave Syllazur : clap de fin pour les vendanges<\/a><\/p>\n<p><strong><img decoding=\"async\" class=\"emoji\" role=\"img\" draggable=\"false\" src=\"https:\/\/s.w.org\/images\/core\/emoji\/13.1.0\/svg\/1f538.svg\" alt=\"\ud83d\udd38\" data-pin-no-hover=\"true\"\/>Info83, le Var proche de vous<br \/><\/strong><\/p>\n<p><img decoding=\"async\" class=\"emoji\" role=\"img\" draggable=\"false\" src=\"https:\/\/s.w.org\/images\/core\/emoji\/13.1.0\/svg\/27a1.svg\" alt=\"\u27a1\ufe0f\" data-pin-no-hover=\"true\"\/>\u00a0<a href=\"https:\/\/bit.ly\/2OZZMMK\" target=\"_blank\" rel=\"noopener noreferrer\">Facebook Info83<\/a><\/p>\n<p><img decoding=\"async\" class=\"emoji\" role=\"img\" draggable=\"false\" src=\"https:\/\/s.w.org\/images\/core\/emoji\/13.1.0\/svg\/27a1.svg\" alt=\"\u27a1\ufe0f\" data-pin-no-hover=\"true\"\/>\u00a0<a href=\"https:\/\/bit.ly\/2ONkTC9\" target=\"_blank\" rel=\"noopener noreferrer\">Youtube Info83<\/a><\/p>\n","protected":false},"excerpt":{"rendered":"Festival Brin de Culture : une rencontre entre fermes et citadins Le samedi 4 octobre, le march\u00e9 des&hellip;\n","protected":false},"author":2,"featured_media":450042,"comment_status":"","ping_status":"","sticky":false,"template":"","format":"standard","meta":{"footnotes":""},"categories":[9619],"tags":[1111,11,57597,57598,57599,1777,674,1011,27,57600,12,882,25,57601,2310,7506],"class_list":{"0":"post-450041","1":"post","2":"type-post","3":"status-publish","4":"format-standard","5":"has-post-thumbnail","7":"category-toulon","8":"tag-actu","9":"tag-actualites","10":"tag-agriculture-var","11":"tag-bienvenue-a-la-ferme","12":"tag-chambre-dagriculture-du-var","13":"tag-eu","14":"tag-europe","15":"tag-fr","16":"tag-france","17":"tag-marche-des-producteurs","18":"tag-news","19":"tag-provence-alpes-cote-dazur","20":"tag-republique-francaise","21":"tag-rue-paul-lendrin","22":"tag-toulon","23":"tag-var"},"share_on_mastodon":{"url":"https:\/\/pubeurope.com\/@fr\/115344326475558332","error":""},"_links":{"self":[{"href":"https:\/\/www.europesays.com\/fr\/wp-json\/wp\/v2\/posts\/450041","targetHints":{"allow":["GET"]}}],"collection":[{"href":"https:\/\/www.europesays.com\/fr\/wp-json\/wp\/v2\/posts"}],"about":[{"href":"https:\/\/www.europesays.com\/fr\/wp-json\/wp\/v2\/types\/post"}],"author":[{"embeddable":true,"href":"https:\/\/www.europesays.com\/fr\/wp-json\/wp\/v2\/users\/2"}],"replies":[{"embeddable":true,"href":"https:\/\/www.europesays.com\/fr\/wp-json\/wp\/v2\/comments?post=450041"}],"version-history":[{"count":0,"href":"https:\/\/www.europesays.com\/fr\/wp-json\/wp\/v2\/posts\/450041\/revisions"}],"wp:featuredmedia":[{"embeddable":true,"href":"https:\/\/www.europesays.com\/fr\/wp-json\/wp\/v2\/media\/450042"}],"wp:attachment":[{"href":"https:\/\/www.europesays.com\/fr\/wp-json\/wp\/v2\/media?parent=450041"}],"wp:term":[{"taxonomy":"category","embeddable":true,"href":"https:\/\/www.europesays.com\/fr\/wp-json\/wp\/v2\/categories?post=450041"},{"taxonomy":"post_tag","embeddable":true,"href":"https:\/\/www.europesays.com\/fr\/wp-json\/wp\/v2\/tags?post=450041"}],"curies":[{"name":"wp","href":"https:\/\/api.w.org\/{rel}","templated":true}]}}