{"id":450054,"date":"2025-10-09T13:04:11","date_gmt":"2025-10-09T13:04:11","guid":{"rendered":"https:\/\/www.europesays.com\/fr\/450054\/"},"modified":"2025-10-09T13:04:11","modified_gmt":"2025-10-09T13:04:11","slug":"nouvelle-tournee-lara-fabian-promet-des-concerts-organiques","status":"publish","type":"post","link":"https:\/\/www.europesays.com\/fr\/450054\/","title":{"rendered":"Nouvelle tourn\u00e9e\u00a0: Lara Fabian promet des concerts \u00ab\u00a0organiques\u00a0\u00bb"},"content":{"rendered":"<p>Seize albums studios enregistr\u00e9s, 25\u00a0millions de disques vendus, trente\u00a0ans de carri\u00e8re sur les sc\u00e8nes internationales, un tube, Je t\u2019aime (1996), qui a travers\u00e9 les d\u00e9cennies\u2026 Et pourtant, c\u2019est avec la f\u00e9brilit\u00e9 d\u2019une d\u00e9butante que Lara Fabian se pr\u00e9pare \u00e0 entamer <a href=\"https:\/\/caen.maville.com\/actu\/actudet_-lara-fabian-annonce-une-grande-tournee-en-2025-avec-plusieurs-dates-dans-l-ouest-_52656-6200993_actu.Htm\" target=\"_self\" rel=\"noopener\">sa prochaine tourn\u00e9e<\/a>.<\/p>\n<p><strong>\u00ab\u00a0De la f\u00e9brilit\u00e9, mais aussi de la joie et beaucoup de gratitude envers ce public qui m\u2019est rest\u00e9 fid\u00e8le,<\/strong> confie l\u2019artiste belgo-canadienne. <strong>Ce tour de chant repr\u00e9sente la consolidation d\u2019un grand travail que je m\u00e8ne depuis plusieurs mois, avec la r\u00e9alisation de mon dernier album Je suis <\/strong> \u00a0 <strong> l\u00e0\u00a0<\/strong>(sorti en novembre\u00a02024).<strong> J\u2019attends avec impatience la r\u00e9ponse du public qui va le d\u00e9couvrir sur sc\u00e8ne.\u00a0\u00bb<\/strong><\/p>\n<p>Pour fa\u00e7onner ce disque, Lara Fabian s\u2019est entour\u00e9e d\u2019artistes avec lesquels elle se sent en parfaite symbiose. L\u2019enregistrement a \u00e9t\u00e9 le fruit d\u2019une ann\u00e9e de collaboration \u00e9motionnellement intense dans le studio des fr\u00e8res Yaacov et Me\u00efr Salah, deux compositeurs et multi-instrumentistes issus du conservatoire.<\/p>\n<p><strong>\u00ab\u00a0Je voulais des musiques organiques, m\u00ealant des instruments classiques avec des rythmes et des sonorit\u00e9s acoustiques. Ils m\u2019ont aid\u00e9 \u00e0 cr\u00e9er ces alchimies.\u00a0\u00bb<\/strong> Slimane, Vitaa et <a href=\"https:\/\/vannes.maville.com\/actu\/actudet_-le-chanteur-vianney-a-passe-la-journee-aux-terres-de-natae-dans-le-morbihan-_12-6931907_actu.Htm\" target=\"_self\" rel=\"noopener\">Vianney<\/a>, ont apport\u00e9 leur sensibilit\u00e9 dans l\u2019\u00e9criture\u2026 <strong>\u00ab\u00a0Cet album est le fruit de rencontres humaines v\u00e9cues dans des espaces inspirants\u00a0\u00bb<\/strong>, r\u00e9sume la chanteuse.<\/p>\n<p>\u00ab\u00a0Entrer en r\u00e9silience\u00a0\u00bb<\/p>\n<p>Dans cet album qui \u00e9voque l\u2019Amour (Je t\u2019ai cherch\u00e9), l\u2019enfance (Je suis de toi), les d\u00e9sordres alimentaires (Une Fleur \u00e0 la bouche), les violences conjugales (C\u2019est pas comme \u00e7a), le moment pr\u00e9sent (Sous un arbre avec toi, Je suis l\u00e0)\u2026 Lara Fabian n\u2019a pas cherch\u00e9 \u00e0 soigner des plaies, ni \u00e0 r\u00e9gler des comptes.<\/p>\n<p>Certains des th\u00e8mes abord\u00e9s <a href=\"https:\/\/www.ouest-france.fr\/culture\/people\/lara-fabian-regrette-l-acharnement-et-la-mechancete-de-yann-barthes-6268190\" target=\"_self\" rel=\"noopener\">rel\u00e8vent du v\u00e9cu<\/a>, d\u2019autres non. <strong>\u00ab\u00a0Je ne l\u2019ai pas voulu comme une catharsis\u00a0\u00bb<\/strong>, assure l\u2019artiste, <strong>\u00ab\u00a0mais plut\u00f4t un outil de transmission. J\u2019envisage ce disque comme un bel endroit pour offrir des lettres d\u2019audaces, proposer des cl\u00e9s de lectures \u00e0 ceux qui se reconna\u00eetront dans\u00a0certaines situations. Je les invite \u00e0 utiliser ces interfaces pour entrer en r\u00e9silience. Il faut parfois s\u2019armer d\u2019une volont\u00e9 d\u2019acier pour regarder son ennemi int\u00e9rieur. C\u2019est ce message que j\u2019ai voulu transmettre avec pudeur et sobri\u00e9t\u00e9\u00a0\u00bb.<\/strong><\/p>\n<p>Afin de restituer sur sc\u00e8ne ce subtil \u00e9quilibre musical entre classicisme et modernit\u00e9, Lara Fabian sera accompagn\u00e9e sur sc\u00e8ne d\u2019une formation \u00ab\u00a0conventionnelle\u00a0\u00bb guitare-basse-batterie, mais aussi d\u2019un quatuor \u00e0 cordes.<\/p>\n<p>Vendredi 10\u00a0octobre \u00e0 Brest (Arena), samedi 11\u00a0octobre \u00e0 Rennes (Libert\u00e9), dimanche 12\u00a0octobre au Mans (Antar\u00e8s), mercredi 15\u00a0octobre \u00e0 Nantes (Z\u00e9nith), les 7 et 10\u00a0d\u00e9cembre \u00e0 l\u2019Accor Arena de Paris. R\u00e9servations sur le site <a href=\"https:\/\/playtwo.trium.fr\/fr\/t\/-\/event\/52059\" target=\"_self\" rel=\"noopener\">playtwo.trium.fr<\/a><\/p>\n<p>\u00a0<\/p>\n","protected":false},"excerpt":{"rendered":"Seize albums studios enregistr\u00e9s, 25\u00a0millions de disques vendus, trente\u00a0ans de carri\u00e8re sur les sc\u00e8nes internationales, un tube, Je&hellip;\n","protected":false},"author":2,"featured_media":450055,"comment_status":"","ping_status":"","sticky":false,"template":"","format":"standard","meta":{"footnotes":""},"categories":[2821],"tags":[1111,11,829,4156,1777,674,57602,1011,27,46554,12,2043,57603,6040,584,25,4441],"class_list":{"0":"post-450054","1":"post","2":"type-post","3":"status-publish","4":"format-standard","5":"has-post-thumbnail","7":"category-rennes","8":"tag-actu","9":"tag-actualites","10":"tag-bretagne","11":"tag-concerts","12":"tag-eu","13":"tag-europe","14":"tag-fabian","15":"tag-fr","16":"tag-france","17":"tag-lara","18":"tag-news","19":"tag-nouvelle","20":"tag-organiques","21":"tag-promet","22":"tag-rennes","23":"tag-republique-francaise","24":"tag-tournee"},"share_on_mastodon":{"url":"https:\/\/pubeurope.com\/@fr\/115344353863664992","error":""},"_links":{"self":[{"href":"https:\/\/www.europesays.com\/fr\/wp-json\/wp\/v2\/posts\/450054","targetHints":{"allow":["GET"]}}],"collection":[{"href":"https:\/\/www.europesays.com\/fr\/wp-json\/wp\/v2\/posts"}],"about":[{"href":"https:\/\/www.europesays.com\/fr\/wp-json\/wp\/v2\/types\/post"}],"author":[{"embeddable":true,"href":"https:\/\/www.europesays.com\/fr\/wp-json\/wp\/v2\/users\/2"}],"replies":[{"embeddable":true,"href":"https:\/\/www.europesays.com\/fr\/wp-json\/wp\/v2\/comments?post=450054"}],"version-history":[{"count":0,"href":"https:\/\/www.europesays.com\/fr\/wp-json\/wp\/v2\/posts\/450054\/revisions"}],"wp:featuredmedia":[{"embeddable":true,"href":"https:\/\/www.europesays.com\/fr\/wp-json\/wp\/v2\/media\/450055"}],"wp:attachment":[{"href":"https:\/\/www.europesays.com\/fr\/wp-json\/wp\/v2\/media?parent=450054"}],"wp:term":[{"taxonomy":"category","embeddable":true,"href":"https:\/\/www.europesays.com\/fr\/wp-json\/wp\/v2\/categories?post=450054"},{"taxonomy":"post_tag","embeddable":true,"href":"https:\/\/www.europesays.com\/fr\/wp-json\/wp\/v2\/tags?post=450054"}],"curies":[{"name":"wp","href":"https:\/\/api.w.org\/{rel}","templated":true}]}}