{"id":450058,"date":"2025-10-09T13:06:13","date_gmt":"2025-10-09T13:06:13","guid":{"rendered":"https:\/\/www.europesays.com\/fr\/450058\/"},"modified":"2025-10-09T13:06:13","modified_gmt":"2025-10-09T13:06:13","slug":"des-travaux-en-cours-toujours-pour-lutter-contre-le-transit","status":"publish","type":"post","link":"https:\/\/www.europesays.com\/fr\/450058\/","title":{"rendered":"des travaux en cours, toujours pour lutter contre le transit"},"content":{"rendered":"<p>Au moins trois r\u00e9unions publiques (*) et autant de <a href=\"https:\/\/www.dna.fr\/transport\/2024\/12\/06\/un-nouveau-plan-de-circulation-a-experimenter\" target=\"_blank\" rel=\"noopener\">plans de circulation tests plus tard<\/a> , l\u2019objectif reste le m\u00eame, \u00e0 Mittelhausbergen\u00a0: \u00ab <a href=\"https:\/\/www.dna.fr\/transport\/2024\/05\/22\/un-nouveau-plan-de-circulation-a-l-essai-pour-couper-le-transit\" target=\"_blank\" rel=\"noopener\">dissuader le trafic de transit<\/a> \u00a0\u00bb dans les quartiers r\u00e9sidentiels, voire dans le village tout court, et \u00ab <a href=\"https:\/\/www.dna.fr\/politique\/2024\/10\/04\/vers-un-scenario-inedit-pour-apaiser-la-circulation\" target=\"_blank\" rel=\"noopener\">assurer la s\u00e9curit\u00e9<\/a> \u00a0\u00bb des d\u00e9placements doux.<\/p>\n<p>Pour cela, la municipalit\u00e9 cherche \u00e0 garder les automobilistes de passage sur les deux axes structurants, \u00e0 savoir les rues de Strasbourg et Principale\u00a0; ceci, tout en limitant les dangers \u00e0 la crois\u00e9e des chemins. Sur ce point, trois \u00ab\u00a0spots\u00a0\u00bb sont sous l\u2019\u0153il de la municipalit\u00e9\u00a0: les carrefours rue de Strasbourg-rue des Jardins, rue Principale-rue Rodin et le virage en \u00ab\u00a0S\u00a0\u00bb de la rue Principale. \u00c0 noter que la rue de Strasbourg voit passer 15\u00a0000 v\u00e9hicules par jour en moyenne (le comptage sur la rue Principale est \u00e0 venir).<\/p>\n<p><strong>Carrefour rue de Strasbourg-rue des Jardins. <\/strong> \u00ab\u00a0La circulation est ultra-dense sur la rue de Strasbourg\u00a0\u00bb, rappelle Alexandre Lorentz, le maire. Il&#8230;<\/p>\n","protected":false},"excerpt":{"rendered":"Au moins trois r\u00e9unions publiques (*) et autant de plans de circulation tests plus tard , l\u2019objectif reste&hellip;\n","protected":false},"author":2,"featured_media":450059,"comment_status":"","ping_status":"","sticky":false,"template":"","format":"standard","meta":{"footnotes":""},"categories":[2820],"tags":[1111,11,3542,1984,2880,1777,674,107,1011,27,775,3327,12,316,25,640,3265,2803],"class_list":{"0":"post-450058","1":"post","2":"type-post","3":"status-publish","4":"format-standard","5":"has-post-thumbnail","7":"category-strasbourg","8":"tag-actu","9":"tag-actualites","10":"tag-circulation","11":"tag-conseil-municipal","12":"tag-edition-strasbourg","13":"tag-eu","14":"tag-europe","15":"tag-fil-info","16":"tag-fr","17":"tag-france","18":"tag-grand-est","19":"tag-mittelhausbergen","20":"tag-news","21":"tag-politique","22":"tag-republique-francaise","23":"tag-strasbourg","24":"tag-strasbourg-nord","25":"tag-transport"},"share_on_mastodon":{"url":"https:\/\/pubeurope.com\/@fr\/115344361721136123","error":""},"_links":{"self":[{"href":"https:\/\/www.europesays.com\/fr\/wp-json\/wp\/v2\/posts\/450058","targetHints":{"allow":["GET"]}}],"collection":[{"href":"https:\/\/www.europesays.com\/fr\/wp-json\/wp\/v2\/posts"}],"about":[{"href":"https:\/\/www.europesays.com\/fr\/wp-json\/wp\/v2\/types\/post"}],"author":[{"embeddable":true,"href":"https:\/\/www.europesays.com\/fr\/wp-json\/wp\/v2\/users\/2"}],"replies":[{"embeddable":true,"href":"https:\/\/www.europesays.com\/fr\/wp-json\/wp\/v2\/comments?post=450058"}],"version-history":[{"count":0,"href":"https:\/\/www.europesays.com\/fr\/wp-json\/wp\/v2\/posts\/450058\/revisions"}],"wp:featuredmedia":[{"embeddable":true,"href":"https:\/\/www.europesays.com\/fr\/wp-json\/wp\/v2\/media\/450059"}],"wp:attachment":[{"href":"https:\/\/www.europesays.com\/fr\/wp-json\/wp\/v2\/media?parent=450058"}],"wp:term":[{"taxonomy":"category","embeddable":true,"href":"https:\/\/www.europesays.com\/fr\/wp-json\/wp\/v2\/categories?post=450058"},{"taxonomy":"post_tag","embeddable":true,"href":"https:\/\/www.europesays.com\/fr\/wp-json\/wp\/v2\/tags?post=450058"}],"curies":[{"name":"wp","href":"https:\/\/api.w.org\/{rel}","templated":true}]}}