{"id":450060,"date":"2025-10-09T13:07:16","date_gmt":"2025-10-09T13:07:16","guid":{"rendered":"https:\/\/www.europesays.com\/fr\/450060\/"},"modified":"2025-10-09T13:07:16","modified_gmt":"2025-10-09T13:07:16","slug":"la-sig-strasbourg-a-orchies-pour-son-16eme-de-finale-de-coupe-de-france","status":"publish","type":"post","link":"https:\/\/www.europesays.com\/fr\/450060\/","title":{"rendered":"La SIG Strasbourg \u00e0 Orchies pour son 16\u00e8me de finale de Coupe de France"},"content":{"rendered":"<p class=\"text-align-justify chapo\" data-start=\"98\" data-end=\"374\">Apr\u00e8s une victoire arrach\u00e9e face au Champagne Basket pour son entr\u00e9e en lice en Coupe de France, la SIG Strasbourg poursuit son parcours avec un nouveau d\u00e9fi. Les Alsaciens se rendront dans le Nord pour affronter le <strong data-start=\"316\" data-end=\"330\">BC Orchies (NM1)<\/strong> lors d\u2019un 16e de finale \u00e0 ne pas manquer.<\/p>\n<p>Le tirage au sort a rendu son verdict : nos <strong data-start=\"420\" data-end=\"430\">SIGmen<\/strong> se d\u00e9placeront \u00e0 <strong data-start=\"448\" data-end=\"459\">Orchies (NM1)<\/strong> le <strong data-start=\"463\" data-end=\"492\">mardi 11 novembre \u00e0 20h00<\/strong> \u00e0 l\u2019occasion du <strong data-start=\"509\" data-end=\"545\">16e de finale de Coupe de France<\/strong>.<\/p>\n<p class=\"text-align-justify\">\u00a0<\/p><\/p>\n","protected":false},"excerpt":{"rendered":"Apr\u00e8s une victoire arrach\u00e9e face au Champagne Basket pour son entr\u00e9e en lice en Coupe de France, la&hellip;\n","protected":false},"author":2,"featured_media":450061,"comment_status":"","ping_status":"","sticky":false,"template":"","format":"standard","meta":{"footnotes":""},"categories":[2820],"tags":[1111,11,3146,1777,674,1011,27,775,3145,12,25,3144,640],"class_list":{"0":"post-450060","1":"post","2":"type-post","3":"status-publish","4":"format-standard","5":"has-post-thumbnail","7":"category-strasbourg","8":"tag-actu","9":"tag-actualites","10":"tag-betclic-elite","11":"tag-eu","12":"tag-europe","13":"tag-fr","14":"tag-france","15":"tag-grand-est","16":"tag-lnb","17":"tag-news","18":"tag-republique-francaise","19":"tag-sig","20":"tag-strasbourg"},"share_on_mastodon":{"url":"https:\/\/pubeurope.com\/@fr\/115344365737870041","error":""},"_links":{"self":[{"href":"https:\/\/www.europesays.com\/fr\/wp-json\/wp\/v2\/posts\/450060","targetHints":{"allow":["GET"]}}],"collection":[{"href":"https:\/\/www.europesays.com\/fr\/wp-json\/wp\/v2\/posts"}],"about":[{"href":"https:\/\/www.europesays.com\/fr\/wp-json\/wp\/v2\/types\/post"}],"author":[{"embeddable":true,"href":"https:\/\/www.europesays.com\/fr\/wp-json\/wp\/v2\/users\/2"}],"replies":[{"embeddable":true,"href":"https:\/\/www.europesays.com\/fr\/wp-json\/wp\/v2\/comments?post=450060"}],"version-history":[{"count":0,"href":"https:\/\/www.europesays.com\/fr\/wp-json\/wp\/v2\/posts\/450060\/revisions"}],"wp:featuredmedia":[{"embeddable":true,"href":"https:\/\/www.europesays.com\/fr\/wp-json\/wp\/v2\/media\/450061"}],"wp:attachment":[{"href":"https:\/\/www.europesays.com\/fr\/wp-json\/wp\/v2\/media?parent=450060"}],"wp:term":[{"taxonomy":"category","embeddable":true,"href":"https:\/\/www.europesays.com\/fr\/wp-json\/wp\/v2\/categories?post=450060"},{"taxonomy":"post_tag","embeddable":true,"href":"https:\/\/www.europesays.com\/fr\/wp-json\/wp\/v2\/tags?post=450060"}],"curies":[{"name":"wp","href":"https:\/\/api.w.org\/{rel}","templated":true}]}}