{"id":450066,"date":"2025-10-09T13:10:23","date_gmt":"2025-10-09T13:10:23","guid":{"rendered":"https:\/\/www.europesays.com\/fr\/450066\/"},"modified":"2025-10-09T13:10:23","modified_gmt":"2025-10-09T13:10:23","slug":"lartiste-nantais-docteur-paper-se-devoile-dans-un-livre-coffret","status":"publish","type":"post","link":"https:\/\/www.europesays.com\/fr\/450066\/","title":{"rendered":"L\u2019artiste nantais Docteur Paper se d\u00e9voile dans un livre-coffret"},"content":{"rendered":"<p>On lui a souvent pos\u00e9 la question \u00a0Comment na\u00eet un dessin\u00a0?\u00a0 L\u2019artiste Docteur Paper bien connu pour sa s\u00e9rie \u00a0Travel with me\u00a0 a notamment collabor\u00e9 avec le Voyage \u00e0 Nantes ou <a href=\"https:\/\/nantes.maville.com\/actu\/actudet_--?confinement-un-an-apres-5-7-.-la-ville-imaginaire-de-docteur-paper-s-expose-au-jardin-du-museum-_8-4547738_actu.Htm?\" target=\"_blank\" rel=\"noopener\">imagin\u00e9 une ville avec plusieurs centaines de Nantais pendant le confinement <\/a>a d\u00e9cid\u00e9 de r\u00e9pondre \u00e0 cette question avec un livre, ou plut\u00f4t un coffret de trois livres\u00a0: \u00a0J\u2019avais cette envie depuis plusieurs ann\u00e9es, mais j\u2019avais aussi envie de cr\u00e9er une \u0153uvre \u00e0 part enti\u00e8re, comme un pas de c\u00f4t\u00e9 ludique. Je me suis entour\u00e9 de l\u2019agence Yokna et de Benjamin Reverdy. Je voulais une mise en page particuli\u00e8re, dynamique et rythm\u00e9e.\u00a0<\/p>\n<p>Un voyage \u00e0 Chicago comme fil rouge<\/p>\n<p>C\u2019est finalement trois livres qui vont sortir d\u00e9but novembre\u00a0: \u00a0C\u2019est un voyage \u00e0 Chicago que j\u2019ai fait avec ma compagne Carla en 2017 qui nous a servis de fil rouge\u00a0: sur cette base Timoth\u00e9e Demeillers a \u00e9crit un r\u00e9cit, une non-fiction, pour expliquer comment l\u2019architecture a pris une telle place dans mon travail. Ce voyage incroyable dans une capitale de l\u2019architecture moderne a beaucoup de sens dans mon travail et sert de pr\u00e9texte \u00e0 des retours en arri\u00e8re pour raconter ma vie d\u2019artiste et comment mon \u0153uvre a \u00e9volu\u00e9.\u00a0<\/p>\n<p>Le deuxi\u00e8me livre sera constitu\u00e9 d\u2019un livre photo de Franck Leb\u00e8que, \u00a0un photographe nantais avec qui j\u2019ai travaill\u00e9 et dont j\u2019appr\u00e9cie le travail sur la texture et le grain de peau.\u00a0<\/p>\n<p>Le troisi\u00e8me livre est un recueil de croquis\u00a0: \u00a028 pages de croquis comme si c\u2019\u00e9tait fait au crayon et au feutre, explique Docteur Paper. Ce sont des dessins tir\u00e9s de diff\u00e9rents voyages entre\u00a02014 et\u00a02024.\u00a0<\/p>\n<p>\u00a0Ce livre n\u2019est pas une cl\u00f4ture, la s\u00e9rie continuera encore et encore au gr\u00e9 de mes voyages. Cela me passionne toujours autant et j\u2019aime me replonger dans mes voyages. Mais le livre marque la s\u00e9rie dans le temps, \u00e7a fait 15\u00a0ans que je la dessine, je la commercialise depuis 13\u00a0ans. Et Chicago sera la 30e destination de la s\u00e9rie. Le livre-coffret est une autre approche, une \u0153uvre \u00e0 part enti\u00e8re avec des medium que j\u2019affectionne particuli\u00e8rement comme la litt\u00e9rature et la photographie.\u00a0<\/p>\n<p>Le livre est en campagne <a href=\"https:\/\/fr.ulule.com\/travel-with-me\/\" target=\"_blank\" rel=\"noopener\">de pr\u00e9-commande sur la plateforme de financement Ulule. <\/a> \u00a0La campagne se poursuit jusqu\u2019au 19\u00a0octobre, explique Docteur Paper. Nous organiserons une soir\u00e9e de lancement le 6\u00a0novembre mais les premiers exemplaires seront envoy\u00e9s d\u00e9but novembre.\u00a0 L\u2019objectif est de vendre 500 exemplaires de ce livre-coffret \u00e0 45 euros. Docteur Paper a cr\u00e9\u00e9 pour l\u2019occasion une maison d\u2019\u00e9dition \u00a0qui donnera peut-\u00eatre naissance \u00e0 d\u2019autres projets.\u00a0<\/p>\n<p>Une nouvelle pratique plus spontan\u00e9e<\/p>\n<p>L\u2019artiste a dans le m\u00eame temps d\u00e9marrer une nouvelle pratique, \u00a0plus spontan\u00e9e, brute et color\u00e9e. Elle prend beaucoup de place dans mon esprit en ce moment. Elle est \u00e0 l\u2019oppos\u00e9 et donc compl\u00e9mentaire avec la s\u00e9rie Travel with Me. Travel with me me demande de nombreux croquis de pr\u00e9paration et de mise en page, c\u2019est un travail long et rigoureux, minutieux. Cette nouvelle pratique\u00a0: Spontan\u00e9e, rythm\u00e9e, pi\u00e8ce unique, \u0153uvre originale sur toile, des coulures, du fluo, des projections. J\u2019ai envie d\u2019aller plus vers l\u2019art et l\u2019abstrait que vers l\u2019illustration et la repr\u00e9sentation.\u00a0<\/p>\n<p>\u00a0<\/p>\n","protected":false},"excerpt":{"rendered":"On lui a souvent pos\u00e9 la question \u00a0Comment na\u00eet un dessin\u00a0?\u00a0 L\u2019artiste Docteur Paper bien connu pour sa&hellip;\n","protected":false},"author":2,"featured_media":450067,"comment_status":"","ping_status":"","sticky":false,"template":"","format":"standard","meta":{"footnotes":""},"categories":[2818],"tags":[1111,11,2593,851,21453,1777,674,1011,27,57605,4715,766,12,57604,2636,25],"class_list":{"0":"post-450066","1":"post","2":"type-post","3":"status-publish","4":"format-standard","5":"has-post-thumbnail","7":"category-nantes","8":"tag-actu","9":"tag-actualites","10":"tag-artiste","11":"tag-devoile","12":"tag-docteur","13":"tag-eu","14":"tag-europe","15":"tag-fr","16":"tag-france","17":"tag-livre-coffret","18":"tag-nantais","19":"tag-nantes","20":"tag-news","21":"tag-paper","22":"tag-pays-de-la-loire","23":"tag-republique-francaise"},"share_on_mastodon":{"url":"https:\/\/pubeurope.com\/@fr\/115344377444755898","error":""},"_links":{"self":[{"href":"https:\/\/www.europesays.com\/fr\/wp-json\/wp\/v2\/posts\/450066","targetHints":{"allow":["GET"]}}],"collection":[{"href":"https:\/\/www.europesays.com\/fr\/wp-json\/wp\/v2\/posts"}],"about":[{"href":"https:\/\/www.europesays.com\/fr\/wp-json\/wp\/v2\/types\/post"}],"author":[{"embeddable":true,"href":"https:\/\/www.europesays.com\/fr\/wp-json\/wp\/v2\/users\/2"}],"replies":[{"embeddable":true,"href":"https:\/\/www.europesays.com\/fr\/wp-json\/wp\/v2\/comments?post=450066"}],"version-history":[{"count":0,"href":"https:\/\/www.europesays.com\/fr\/wp-json\/wp\/v2\/posts\/450066\/revisions"}],"wp:featuredmedia":[{"embeddable":true,"href":"https:\/\/www.europesays.com\/fr\/wp-json\/wp\/v2\/media\/450067"}],"wp:attachment":[{"href":"https:\/\/www.europesays.com\/fr\/wp-json\/wp\/v2\/media?parent=450066"}],"wp:term":[{"taxonomy":"category","embeddable":true,"href":"https:\/\/www.europesays.com\/fr\/wp-json\/wp\/v2\/categories?post=450066"},{"taxonomy":"post_tag","embeddable":true,"href":"https:\/\/www.europesays.com\/fr\/wp-json\/wp\/v2\/tags?post=450066"}],"curies":[{"name":"wp","href":"https:\/\/api.w.org\/{rel}","templated":true}]}}