{"id":450068,"date":"2025-10-09T13:11:15","date_gmt":"2025-10-09T13:11:15","guid":{"rendered":"https:\/\/www.europesays.com\/fr\/450068\/"},"modified":"2025-10-09T13:11:15","modified_gmt":"2025-10-09T13:11:15","slug":"cet-international-croate-et-ancien-joueur-du-fc-nantes-force-de-subir-trois-greffes-de-rein","status":"publish","type":"post","link":"https:\/\/www.europesays.com\/fr\/450068\/","title":{"rendered":"Cet international croate et ancien joueur du FC Nantes forc\u00e9 de subir trois greffes de rein"},"content":{"rendered":"<p>Un miracul\u00e9. Dans un documentaire r\u00e9cemment diffus\u00e9 sur <a href=\"https:\/\/www.ardmediathek.de\/video\/nachtcafe\/ivan-klasnic-medikamente-zerstoerten-die-niere-des-ex-profifussballers\/swr\/Y3JpZDovL3N3ci5kZS9hZXgvbzIxMzUxNzA\" rel=\"nofollow noopener\" target=\"_blank\">la cha\u00eene ARD<\/a>, l\u2019ancien international croate et ex-<a href=\"https:\/\/www.public.fr\/mostafa-mohamed-joueur-du-fc-nantes-choque-christophe-beaugrand-lhomophobie-est-un-delit\" rel=\"nofollow noopener\" target=\"_blank\">joueur du FC Nantes,<\/a> Ivan Klasnic, a \u00e9voqu\u00e9 ses <strong>nombreux probl\u00e8mes de sant\u00e9<\/strong> qui l\u2019ont contraint \u00e0 mettre pr\u00e9matur\u00e9ment fin \u00e0 sa carri\u00e8re.<\/p>\n<p>En effet, le joueur ayant fait un court passage chez <a href=\"https:\/\/www.public.fr\/emiliano-sala-la-star-du-fc-nantes-est-portee-disparue\" rel=\"nofollow noopener\" target=\"_blank\">les Canaries<\/a> de 2008 \u00e0 2009, a d\u00fb <strong>raccrocher les crampons en 2013<\/strong> alors qu\u2019il n\u2019avait que 33 ans. La faute \u00e0 trois greffes de reins qui l\u2019ont sauv\u00e9.\u00a0<\/p>\n<p>Pr\u00e8s de 12 ans plus tard, l\u2019ancien international croate a accept\u00e9 d\u2019\u00e9voquer cette p\u00e9riode difficile de sa vie, sa courte carri\u00e8re, et les raisons qui auraient favoris\u00e9 <strong>ces transplantations r\u00e9nales.\u00a0<\/strong><\/p>\n<p>Les m\u00e9decins du Werder Br\u00eame auraient rendu l&rsquo;ancien international croate malade<\/p>\n<p>Comme le souligne CNEWS, en 2007, l\u2019ancien attaquant devient le premier joueur \u00e0 rejouer apr\u00e8s une transplantation r\u00e9nale alors qu\u2019il \u00e9voluait au Werder Br\u00eame.\u00a0C\u2019est justement le club allemand, dans lequel a brill\u00e9 l\u2019ancien international fran\u00e7ais Johan Micoud, qui se trouverait \u00ab\u00a0\u00e0 l\u2019origine de ses maux\u00a0\u00bb comme l\u2019indique le m\u00e9dia.\u00a0<\/p>\n<p>Selon les dires d\u2019Ivan Klasnic, les m\u00e9decins du Werder Br\u00eame l\u2019auraient notamment encourag\u00e9 \u00e0 prendre \u00e0 plusieurs reprises <strong>un m\u00e9dicament pouvant entra\u00eener des probl\u00e8mes r\u00e9naux<\/strong>\u00a0en cas de dose trop enlev\u00e9e. \u00ab\u00a0Je ne souhaite \u00e0 personne ce que j\u2019ai v\u00e9cu\u00a0\u00bb, assure-t-il dans le documentaire.<\/p>\n<p>N\u00e9anmoins, l\u2019ancien joueur du FC Nantes reconna\u00eet qu\u2019il reste \u00ab\u00a0difficile\u00a0\u00bb de se passer de ces m\u00e9dicaments. \u00ab\u00a0<strong>Le sport professionnel est impossible sans analg\u00e9siques<\/strong>. Si j\u2019avais su que j\u2019aurais des probl\u00e8mes, je n\u2019en aurais pas pris non plus\u00a0\u00bb, regrette-t-il.<\/p>\n<p>Ivan Klasnic, ancien joueur du FC Nantes obtient \u00ab\u00a0gain de cause\u00a0\u00bb apr\u00e8s une plainte<\/p>\n<p>Nos confr\u00e8res de CNEWS rappellent d\u2019ailleurs que l\u2019ancien international croate aux 41 s\u00e9lections avait port\u00e9 plainte contre les m\u00e9decins du club allemand\u00a0en avril 2008. En 2020 il obtenait gain de cause avec <strong>4,5 millions d\u2019euros de dommages et int\u00e9r\u00eats<\/strong>. De plus, il obtenait \u00e9galement 100.000 euros pour n\u00e9gligence des m\u00e9decins et une indemnit\u00e9 compensatoire pour avoir d\u00fb mettre un terme \u00e0 sa carri\u00e8re pr\u00e9matur\u00e9ment.<\/p>\n<p>Si certains pourraient satisfaire d\u2019obtenir une telle somme, cela ne compense pas la col\u00e8re d\u2019Ivan Klasnic. <strong>\u00ab\u00a0Aucune somme d\u2019argent ne pourra me rendre la sant\u00e9\u00a0\u00bb<\/strong>, d\u00e9plore l\u2019ancien joueur du FC Nantes, avant de rappeler : \u00ab\u00a0J\u2019ai subi trois greffes, je ne sais pas combien de temps il me reste \u00e0 vivre. Je dois juste \u00eatre reconnaissant d&rsquo;\u00eatre encore en vie\u00a0\u00bb.<\/p>\n<p>Aujourd\u2019hui, l\u2019ancien international croate n\u2019est pas tir\u00e9 d\u2019affaire et doit \u00ab\u00a0prendre des m\u00e9dicaments pour survivre\u00a0\u00bb.<\/p>\n<p>      Mentionn\u00e9s dans cet article<\/p>\n<p>      Sur le m\u00eame sujet<\/p>\n","protected":false},"excerpt":{"rendered":"Un miracul\u00e9. Dans un documentaire r\u00e9cemment diffus\u00e9 sur la cha\u00eene ARD, l\u2019ancien international croate et ex-joueur du FC&hellip;\n","protected":false},"author":2,"featured_media":450069,"comment_status":"","ping_status":"","sticky":false,"template":"","format":"standard","meta":{"footnotes":""},"categories":[2818],"tags":[1111,11,1777,674,462,1011,27,12197,766,12,2636,10680,25],"class_list":{"0":"post-450068","1":"post","2":"type-post","3":"status-publish","4":"format-standard","5":"has-post-thumbnail","7":"category-nantes","8":"tag-actu","9":"tag-actualites","10":"tag-eu","11":"tag-europe","12":"tag-fc-nantes","13":"tag-fr","14":"tag-france","15":"tag-greffe","16":"tag-nantes","17":"tag-news","18":"tag-pays-de-la-loire","19":"tag-rein","20":"tag-republique-francaise"},"share_on_mastodon":{"url":"https:\/\/pubeurope.com\/@fr\/115344381485219342","error":""},"_links":{"self":[{"href":"https:\/\/www.europesays.com\/fr\/wp-json\/wp\/v2\/posts\/450068","targetHints":{"allow":["GET"]}}],"collection":[{"href":"https:\/\/www.europesays.com\/fr\/wp-json\/wp\/v2\/posts"}],"about":[{"href":"https:\/\/www.europesays.com\/fr\/wp-json\/wp\/v2\/types\/post"}],"author":[{"embeddable":true,"href":"https:\/\/www.europesays.com\/fr\/wp-json\/wp\/v2\/users\/2"}],"replies":[{"embeddable":true,"href":"https:\/\/www.europesays.com\/fr\/wp-json\/wp\/v2\/comments?post=450068"}],"version-history":[{"count":0,"href":"https:\/\/www.europesays.com\/fr\/wp-json\/wp\/v2\/posts\/450068\/revisions"}],"wp:featuredmedia":[{"embeddable":true,"href":"https:\/\/www.europesays.com\/fr\/wp-json\/wp\/v2\/media\/450069"}],"wp:attachment":[{"href":"https:\/\/www.europesays.com\/fr\/wp-json\/wp\/v2\/media?parent=450068"}],"wp:term":[{"taxonomy":"category","embeddable":true,"href":"https:\/\/www.europesays.com\/fr\/wp-json\/wp\/v2\/categories?post=450068"},{"taxonomy":"post_tag","embeddable":true,"href":"https:\/\/www.europesays.com\/fr\/wp-json\/wp\/v2\/tags?post=450068"}],"curies":[{"name":"wp","href":"https:\/\/api.w.org\/{rel}","templated":true}]}}