{"id":450084,"date":"2025-10-09T13:19:17","date_gmt":"2025-10-09T13:19:17","guid":{"rendered":"https:\/\/www.europesays.com\/fr\/450084\/"},"modified":"2025-10-09T13:19:17","modified_gmt":"2025-10-09T13:19:17","slug":"exclu-aix-marseille-universite-va-ouvrir-une-licence-professionnelle-a-martigues-en-2026","status":"publish","type":"post","link":"https:\/\/www.europesays.com\/fr\/450084\/","title":{"rendered":"EXCLU. Aix-Marseille Universit\u00e9 va ouvrir une licence professionnelle \u00e0 Martigues en 2026"},"content":{"rendered":"<p>C&rsquo;est une annonce majeure pour l&rsquo;enseignement sup\u00e9rieur sur le territoire. En visite \u00e0 Martigues ce jeudi 9 octobre pour le 28\u00e8me Colloque International Etienne Thil, le pr\u00e9sident d&rsquo;Aix-Marseille Universit\u00e9, Eric Berton, a annonc\u00e9 en exclusivit\u00e9 au micro de Maritima la cr\u00e9ation d&rsquo;une nouvelle formation dipl\u00f4mante. Une licence professionnelle d\u00e9di\u00e9e \u00e0 l&rsquo;industrie p\u00e9trochimique verra le jour \u00e0 la rentr\u00e9e 2026, avec un objectif clair : permettre aux jeunes de se former et de rester vivre \u00e0 Martigues.<\/p>\n<p>\u00a0<\/p>\n<p><strong>Une universit\u00e9 \u00ab\u00a0au plus pr\u00e8s du territoire\u00a0\u00bb<\/strong><\/p>\n<p>\u00a0<\/p>\n<p>Pr\u00e9sent pour la premi\u00e8re table ronde du colloque sur la redynamisation des centres-villes, Eric Berton a justifi\u00e9 sa venue en rappelant la vocation de son institution : \u00ab\u00a0Aix-Marseille Universit\u00e9 concerne toutes les villes du territoire\u00a0\u00bb, a-t-il insist\u00e9 au micro de Sandrine Calvayrac. L&rsquo;universit\u00e9, qui compte d\u00e9j\u00e0 de nombreux \u00e9tudiants mart\u00e9gaux, poursuit ainsi sa strat\u00e9gie de d\u00e9ploiement hors de ses bastions d&rsquo;Aix et Marseille. \u00ab\u00a0Notre but, c&rsquo;est de faire en sorte que les \u00e9tudiants animent les centres-villes et restent dans leurs villes\u00a0\u00bb.<\/p>\n<p>\u00a0<\/p>\n<p><strong>Une licence \u00ab\u00a0P\u00e9trochimie\u00a0\u00bb pour r\u00e9pondre aux besoins locaux<\/strong><\/p>\n<p>\u00a0<\/p>\n<p>C&rsquo;est dans cette logique qu&rsquo;intervient l&rsquo;annonce forte du pr\u00e9sident d&rsquo;AMU. \u00ab\u00a0On peut annoncer un grand projet pour Martigues d\u00e8s septembre 2026 avec l&rsquo;ouverture d&rsquo;une licence professionnelle sur l&rsquo;industrie p\u00e9trochimique\u00a0\u00bb. Cette formation, en prise directe avec le bassin industriel local, est le fruit d&rsquo;une collaboration avec la municipalit\u00e9. \u00ab\u00a0Gr\u00e2ce au dynamisme du maire, on a pu avoir un local et une personne qui va g\u00e9rer\u00a0\u00bb, a pr\u00e9cis\u00e9 Eric Berton.<\/p>\n<p>L&rsquo;objectif final est de lier formation et vie locale. En offrant cette opportunit\u00e9 sur place, l&rsquo;universit\u00e9 esp\u00e8re que \u00ab\u00a0les \u00e9tudiants mart\u00e9gaux resteront dans leur centre-ville et le feront vivre\u00a0\u00bb. Une mani\u00e8re concr\u00e8te de lutter contre la d\u00e9sertification et de renforcer l&rsquo;attractivit\u00e9 de Martigues.<\/p>\n","protected":false},"excerpt":{"rendered":"C&rsquo;est une annonce majeure pour l&rsquo;enseignement sup\u00e9rieur sur le territoire. En visite \u00e0 Martigues ce jeudi 9 octobre&hellip;\n","protected":false},"author":2,"featured_media":450085,"comment_status":"","ping_status":"","sticky":false,"template":"","format":"standard","meta":{"footnotes":""},"categories":[2814],"tags":[1111,11,57606,57607,1777,674,1011,27,40560,884,12045,12,882,25],"class_list":{"0":"post-450084","1":"post","2":"type-post","3":"status-publish","4":"format-standard","5":"has-post-thumbnail","7":"category-marseille","8":"tag-actu","9":"tag-actualites","10":"tag-aix-marseille-universite","11":"tag-eric-berton","12":"tag-eu","13":"tag-europe","14":"tag-fr","15":"tag-france","16":"tag-licence","17":"tag-marseille","18":"tag-martigues","19":"tag-news","20":"tag-provence-alpes-cote-dazur","21":"tag-republique-francaise"},"share_on_mastodon":{"url":"https:\/\/pubeurope.com\/@fr\/115344412945571677","error":""},"_links":{"self":[{"href":"https:\/\/www.europesays.com\/fr\/wp-json\/wp\/v2\/posts\/450084","targetHints":{"allow":["GET"]}}],"collection":[{"href":"https:\/\/www.europesays.com\/fr\/wp-json\/wp\/v2\/posts"}],"about":[{"href":"https:\/\/www.europesays.com\/fr\/wp-json\/wp\/v2\/types\/post"}],"author":[{"embeddable":true,"href":"https:\/\/www.europesays.com\/fr\/wp-json\/wp\/v2\/users\/2"}],"replies":[{"embeddable":true,"href":"https:\/\/www.europesays.com\/fr\/wp-json\/wp\/v2\/comments?post=450084"}],"version-history":[{"count":0,"href":"https:\/\/www.europesays.com\/fr\/wp-json\/wp\/v2\/posts\/450084\/revisions"}],"wp:featuredmedia":[{"embeddable":true,"href":"https:\/\/www.europesays.com\/fr\/wp-json\/wp\/v2\/media\/450085"}],"wp:attachment":[{"href":"https:\/\/www.europesays.com\/fr\/wp-json\/wp\/v2\/media?parent=450084"}],"wp:term":[{"taxonomy":"category","embeddable":true,"href":"https:\/\/www.europesays.com\/fr\/wp-json\/wp\/v2\/categories?post=450084"},{"taxonomy":"post_tag","embeddable":true,"href":"https:\/\/www.europesays.com\/fr\/wp-json\/wp\/v2\/tags?post=450084"}],"curies":[{"name":"wp","href":"https:\/\/api.w.org\/{rel}","templated":true}]}}