{"id":450086,"date":"2025-10-09T13:20:12","date_gmt":"2025-10-09T13:20:12","guid":{"rendered":"https:\/\/www.europesays.com\/fr\/450086\/"},"modified":"2025-10-09T13:20:12","modified_gmt":"2025-10-09T13:20:12","slug":"lyon-un-olivier-symbole-de-paix-a-ete-plante-ce-jeudi-9-octobre-dans-la-cour-dhonneur-du-departement","status":"publish","type":"post","link":"https:\/\/www.europesays.com\/fr\/450086\/","title":{"rendered":"Lyon. Un olivier, symbole de paix, a \u00e9t\u00e9 plant\u00e9 ce jeudi 9\u00a0octobre dans la cour d\u2019honneur du D\u00e9partement, &#8230;"},"content":{"rendered":"<p>Un olivier, symbole de paix, a \u00e9t\u00e9 plant\u00e9 ce jeudi 9\u00a0octobre dans la cour d\u2019honneur du D\u00e9partement, derri\u00e8re la Pr\u00e9fecture du Rh\u00f4ne (Lyon 3 e ), en m\u00e9moire d\u2019Ilan Halimi, jeune Fran\u00e7ais de confession juive s\u00e9questr\u00e9 et tortur\u00e9 \u00e0 mort en 2006 par le gang des Barbares.<\/p>\n<p>\u00ab\u00a0C\u2019est la premi\u00e8re fois qu\u2019est c\u00e9l\u00e9br\u00e9, dans un lieu public de l\u2019\u00c9tat [\u2026] ce moment de comm\u00e9moration \u00bb, a soulign\u00e9 <a href=\"https:\/\/www.leprogres.fr\/p\/christophe-guilloteau\" target=\"_blank\" rel=\"nofollow noopener\">Christophe Guilloteau<\/a>, pr\u00e9sident LR de la collectivit\u00e9 locale. Rappelant que, deux d\u00e9cennies apr\u00e8s cette trag\u00e9die, la haine des juifs continue de tuer.<\/p>\n<p>Ce contenu est bloqu\u00e9 car vous n&rsquo;avez pas accept\u00e9 les cookies et autres traceurs.<\/p>\n<p>En cliquant sur \u00ab J\u2019accepte \u00bb, les cookies et autres traceurs seront d\u00e9pos\u00e9s et vous pourrez visualiser les contenus  (<a href=\"\" class=\"consentModule_policy\" target=\"_blank\" title=\"Consulter la politique de protection des donn\u00e9es du fournisseur\">plus d&rsquo;informations<\/a>).<\/p>\n<p>En cliquant sur \u00ab J\u2019accepte tous les cookies \u00bb, vous autorisez des d\u00e9p\u00f4ts de cookies et autres traceurs pour le stockage de vos donn\u00e9es sur nos sites et applications \u00e0 des fins de personnalisation et de ciblage publicitaire.<\/p>\n<p class=\"consentModule_secondaryText\">Vous gardez la possibilit\u00e9 de retirer votre consentement \u00e0 tout moment en consultant notre <a href=\"https:\/\/www.leprogres.fr\/protection-des-donnees\" target=\"_blank\" title=\"Consulter notre politique de protection des donn\u00e9es\" rel=\"nofollow noopener\">politique de protection des donn\u00e9es<\/a>. <br \/>&#13;<br \/>\n            <a href=\"https:\/\/www.leprogres.fr\/politique\/2025\/10\/09\/javascript:Didomi.notice.show()\" class=\"consentModule_cmp\" rel=\"nofollow noopener\" target=\"_blank\">G\u00e9rer mes choix<\/a>&#13;\n        <\/p>\n<p>&#13;<br \/>\n                        J&rsquo;accepte&#13;<br \/>\n            J&rsquo;accepte tous les cookies&#13;\n        <\/p>\n","protected":false},"excerpt":{"rendered":"Un olivier, symbole de paix, a \u00e9t\u00e9 plant\u00e9 ce jeudi 9\u00a0octobre dans la cour d\u2019honneur du D\u00e9partement, derri\u00e8re&hellip;\n","protected":false},"author":2,"featured_media":450087,"comment_status":"","ping_status":"","sticky":false,"template":"","format":"standard","meta":{"footnotes":""},"categories":[1889],"tags":[1111,11,2430,2757,1777,674,1011,27,2428,2756,12,316,5889,25,2429,104],"class_list":{"0":"post-450086","1":"post","2":"type-post","3":"status-publish","4":"format-standard","5":"has-post-thumbnail","7":"category-lyon","8":"tag-actu","9":"tag-actualites","10":"tag-auvergne-rhone-alpes","11":"tag-edition-lyon-villeurbanne","12":"tag-eu","13":"tag-europe","14":"tag-fr","15":"tag-france","16":"tag-lyon","17":"tag-lyon-bassin","18":"tag-news","19":"tag-politique","20":"tag-religion-croyance","21":"tag-republique-francaise","22":"tag-rhone","23":"tag-societe"},"share_on_mastodon":{"url":"https:\/\/pubeurope.com\/@fr\/115344416781446168","error":""},"_links":{"self":[{"href":"https:\/\/www.europesays.com\/fr\/wp-json\/wp\/v2\/posts\/450086","targetHints":{"allow":["GET"]}}],"collection":[{"href":"https:\/\/www.europesays.com\/fr\/wp-json\/wp\/v2\/posts"}],"about":[{"href":"https:\/\/www.europesays.com\/fr\/wp-json\/wp\/v2\/types\/post"}],"author":[{"embeddable":true,"href":"https:\/\/www.europesays.com\/fr\/wp-json\/wp\/v2\/users\/2"}],"replies":[{"embeddable":true,"href":"https:\/\/www.europesays.com\/fr\/wp-json\/wp\/v2\/comments?post=450086"}],"version-history":[{"count":0,"href":"https:\/\/www.europesays.com\/fr\/wp-json\/wp\/v2\/posts\/450086\/revisions"}],"wp:featuredmedia":[{"embeddable":true,"href":"https:\/\/www.europesays.com\/fr\/wp-json\/wp\/v2\/media\/450087"}],"wp:attachment":[{"href":"https:\/\/www.europesays.com\/fr\/wp-json\/wp\/v2\/media?parent=450086"}],"wp:term":[{"taxonomy":"category","embeddable":true,"href":"https:\/\/www.europesays.com\/fr\/wp-json\/wp\/v2\/categories?post=450086"},{"taxonomy":"post_tag","embeddable":true,"href":"https:\/\/www.europesays.com\/fr\/wp-json\/wp\/v2\/tags?post=450086"}],"curies":[{"name":"wp","href":"https:\/\/api.w.org\/{rel}","templated":true}]}}