{"id":450088,"date":"2025-10-09T13:21:13","date_gmt":"2025-10-09T13:21:13","guid":{"rendered":"https:\/\/www.europesays.com\/fr\/450088\/"},"modified":"2025-10-09T13:21:13","modified_gmt":"2025-10-09T13:21:13","slug":"lyon-dix-jours-apres-une-explosion-le-meme-restaurant-victime-dun-incendie","status":"publish","type":"post","link":"https:\/\/www.europesays.com\/fr\/450088\/","title":{"rendered":"Lyon. Dix jours apr\u00e8s une explosion, le m\u00eame restaurant victime d\u2019un incendie"},"content":{"rendered":"<p>Apr\u00e8s l\u2019explosion, l\u2019incendie. Le restaurant CasaBea, situ\u00e9 au 5, rue de la Monnaie, en Presqu\u2019\u00eele de Lyon (2 e ), a \u00e9t\u00e9 victime d\u2019un d\u00e9part de feu, sur sa terrasse ext\u00e9rieure, dans la nuit de mercredi \u00e0 jeudi, a appris Le Progr\u00e8s , confirmant une information d\u2019 <a href=\"https:\/\/actu.fr\/auvergne-rhone-alpes\/lyon_69123\/lyon-deja-victime-d-une-explosion-ce-restaurant-touche-par-un-incendie-sa-terrasse-ravagee_63276158.html\" target=\"_blank\" rel=\"nofollow noopener\">Actu Lyon<\/a>.<\/p>\n<p>Les pompiers ont \u00e9t\u00e9 appel\u00e9s vers 1\u00a0h\u00a050 pour un feu sur la voie publique. \u00c0 l\u2019arriv\u00e9e du fourgon incendie, le sinistre \u00e9tait \u00e9teint, il ne restait qu\u2019un peu de fum\u00e9e \u00e0 traiter. Des chaises ont \u00e9t\u00e9 la proie des flammes, ainsi qu\u2019un pare-vent. Le feu ne s\u2019est pas propag\u00e9 \u00e0 l\u2019int\u00e9rieur de l\u2019\u00e9tablissement.<\/p>\n<p>Une enqu\u00eate de police a \u00e9t\u00e9 ouverte, en recherche des causes de l\u2019incendie. Un acte volontaire est envisag\u00e9, avec un d\u00e9part de feu qui pourrait provenir d\u2019une poubelle.<\/p>\n<p>  Pas de lien avec l\u2019explosion<\/p>\n<p>L\u2019incident est sans lien avec <a href=\"https:\/\/www.leprogres.fr\/faits-divers-justice\/2025\/09\/30\/un-accident-assez-violent-comment-une-explosion-au-gaz-a-fait-deux-blesses-graves-dans-un-restaurant\" target=\"_blank\" rel=\"nofollow noopener\">l\u2019explosion survenue dans la cuisine du restaurant<\/a> , le 30\u00a0septembre, \u00e0 l\u2019approche du service de la mi-journ\u00e9e. Elle avait bless\u00e9 trois employ\u00e9s, le chef cuisinier et deux adjoints, essentiellement par br\u00fblures. Les victimes sont \u00e2g\u00e9es de 37, 38 et 49 ans. Deux d\u2019entre elles avaient \u00e9t\u00e9 gravement atteintes au visage et aux membres sup\u00e9rieurs. Elles avaient \u00e9t\u00e9 prises en charge \u00e0 l\u2019h\u00f4pital \u00c9douard-Herriot (Lyon 3e ), sans pronostic vital engag\u00e9. Le troisi\u00e8me bless\u00e9, touch\u00e9 aux bras, avait pu sortir de l\u2019h\u00f4pital tr\u00e8s rapidement, selon un salari\u00e9 du commerce.<\/p>\n<p>Le souffle n\u2019avait \u00e9t\u00e9 accompagn\u00e9 d\u2019aucune flamme et aucun client n\u2019\u00e9tait pr\u00e9sent dans l\u2019\u00e9tablissement. Une poche de gaz pouvant provenir de la cuisini\u00e8re s\u2019\u00e9tait probablement accumul\u00e9e dans le faux plafond. Il avait \u00e9t\u00e9 souffl\u00e9 par l\u2019explosion, qui s\u2019\u00e9tait produite en hauteur et avait provoqu\u00e9 des d\u00e9g\u00e2ts jusque dans la salle de restaurant. L\u2019effet de blast n\u2019avait pas fragilis\u00e9 la structure du b\u00e2timent, qui n\u2019avait pas d\u00fb \u00eatre \u00e9vacu\u00e9.<\/p>\n<p>Le restaurant n\u2019avait pas rouvert depuis cet \u00e9v\u00e9nement. Le red\u00e9marrage de l\u2019activit\u00e9 est annonc\u00e9 sur le site internet de CasaBea pour le 1er \u00a0novembre.<\/p>\n","protected":false},"excerpt":{"rendered":"Apr\u00e8s l\u2019explosion, l\u2019incendie. Le restaurant CasaBea, situ\u00e9 au 5, rue de la Monnaie, en Presqu\u2019\u00eele de Lyon (2&hellip;\n","protected":false},"author":2,"featured_media":450089,"comment_status":"","ping_status":"","sticky":false,"template":"","format":"standard","meta":{"footnotes":""},"categories":[1889],"tags":[1111,11,2430,2757,1777,674,274,1011,27,1310,2428,2756,12,25,2429],"class_list":{"0":"post-450088","1":"post","2":"type-post","3":"status-publish","4":"format-standard","5":"has-post-thumbnail","7":"category-lyon","8":"tag-actu","9":"tag-actualites","10":"tag-auvergne-rhone-alpes","11":"tag-edition-lyon-villeurbanne","12":"tag-eu","13":"tag-europe","14":"tag-faits-divers-justice","15":"tag-fr","16":"tag-france","17":"tag-incendie","18":"tag-lyon","19":"tag-lyon-bassin","20":"tag-news","21":"tag-republique-francaise","22":"tag-rhone"},"share_on_mastodon":{"url":"https:\/\/pubeurope.com\/@fr\/115344420583445436","error":""},"_links":{"self":[{"href":"https:\/\/www.europesays.com\/fr\/wp-json\/wp\/v2\/posts\/450088","targetHints":{"allow":["GET"]}}],"collection":[{"href":"https:\/\/www.europesays.com\/fr\/wp-json\/wp\/v2\/posts"}],"about":[{"href":"https:\/\/www.europesays.com\/fr\/wp-json\/wp\/v2\/types\/post"}],"author":[{"embeddable":true,"href":"https:\/\/www.europesays.com\/fr\/wp-json\/wp\/v2\/users\/2"}],"replies":[{"embeddable":true,"href":"https:\/\/www.europesays.com\/fr\/wp-json\/wp\/v2\/comments?post=450088"}],"version-history":[{"count":0,"href":"https:\/\/www.europesays.com\/fr\/wp-json\/wp\/v2\/posts\/450088\/revisions"}],"wp:featuredmedia":[{"embeddable":true,"href":"https:\/\/www.europesays.com\/fr\/wp-json\/wp\/v2\/media\/450089"}],"wp:attachment":[{"href":"https:\/\/www.europesays.com\/fr\/wp-json\/wp\/v2\/media?parent=450088"}],"wp:term":[{"taxonomy":"category","embeddable":true,"href":"https:\/\/www.europesays.com\/fr\/wp-json\/wp\/v2\/categories?post=450088"},{"taxonomy":"post_tag","embeddable":true,"href":"https:\/\/www.europesays.com\/fr\/wp-json\/wp\/v2\/tags?post=450088"}],"curies":[{"name":"wp","href":"https:\/\/api.w.org\/{rel}","templated":true}]}}