{"id":450111,"date":"2025-10-09T13:34:14","date_gmt":"2025-10-09T13:34:14","guid":{"rendered":"https:\/\/www.europesays.com\/fr\/450111\/"},"modified":"2025-10-09T13:34:14","modified_gmt":"2025-10-09T13:34:14","slug":"sans-surprise-ursula-von-der-leyen-echappe-a-la-censure-du-parlement-europeen","status":"publish","type":"post","link":"https:\/\/www.europesays.com\/fr\/450111\/","title":{"rendered":"Sans surprise, Ursula von der Leyen \u00e9chappe \u00e0 la censure du Parlement europ\u00e9en"},"content":{"rendered":"<p class=\"ap-StoryElement ap-StoryElement--mb ap-StoryText\">Le Parlement europ\u00e9en r\u00e9uni en pl\u00e9ni\u00e8re strasbourgeoise a, ce jeudi, largement rejet\u00e9 les deux motions de censure d\u00e9pos\u00e9es par l&rsquo;extr\u00eame droite et la gauche radicale \u00e0 l&rsquo;encontre de la pr\u00e9sidente de la Commission europ\u00e9enne Ursula von der Leyen.<\/p>\n<p class=\"ap-StoryElement ap-StoryElement--mb ap-StoryText\">La premi\u00e8re, d\u00e9pos\u00e9e par le groupe des Patriotes pour l&rsquo;Europe (PfE) pr\u00e9sid\u00e9 par le Fran\u00e7ais Jordan Bardella (pr\u00e9sident du Rassemblement national) l&rsquo;accusait de fragiliser la souverainet\u00e9 \u00e9conomique de l&rsquo;Union europ\u00e9enne \u00e0 travers les nouveaux accords commerciaux et d\u00e9non\u00e7ait des politiques environnementales jug\u00e9es trop contraignantes. Elle n&rsquo;a recueilli que 179 voix (378 contre, 37 abstentions).<\/p>\n<p>Pour acc\u00e9der \u00e0 cet article, veuillez vous connecter au r\u00e9seau internet.<\/p>\n","protected":false},"excerpt":{"rendered":"Le Parlement europ\u00e9en r\u00e9uni en pl\u00e9ni\u00e8re strasbourgeoise a, ce jeudi, largement rejet\u00e9 les deux motions de censure d\u00e9pos\u00e9es&hellip;\n","protected":false},"author":2,"featured_media":450112,"comment_status":"","ping_status":"","sticky":false,"template":"","format":"standard","meta":{"footnotes":""},"categories":[1586],"tags":[11,1777,674,1779,1011,27,1227,12,55403,25,1778,364],"class_list":{"0":"post-450111","1":"post","2":"type-post","3":"status-publish","4":"format-standard","5":"has-post-thumbnail","7":"category-europe","8":"tag-actualites","9":"tag-eu","10":"tag-europe","11":"tag-european-union","12":"tag-fr","13":"tag-france","14":"tag-horizontal","15":"tag-news","16":"tag-parliament","17":"tag-republique-francaise","18":"tag-ue","19":"tag-union-europeenne"},"share_on_mastodon":{"url":"https:\/\/pubeurope.com\/@fr\/115344471891054888","error":""},"_links":{"self":[{"href":"https:\/\/www.europesays.com\/fr\/wp-json\/wp\/v2\/posts\/450111","targetHints":{"allow":["GET"]}}],"collection":[{"href":"https:\/\/www.europesays.com\/fr\/wp-json\/wp\/v2\/posts"}],"about":[{"href":"https:\/\/www.europesays.com\/fr\/wp-json\/wp\/v2\/types\/post"}],"author":[{"embeddable":true,"href":"https:\/\/www.europesays.com\/fr\/wp-json\/wp\/v2\/users\/2"}],"replies":[{"embeddable":true,"href":"https:\/\/www.europesays.com\/fr\/wp-json\/wp\/v2\/comments?post=450111"}],"version-history":[{"count":0,"href":"https:\/\/www.europesays.com\/fr\/wp-json\/wp\/v2\/posts\/450111\/revisions"}],"wp:featuredmedia":[{"embeddable":true,"href":"https:\/\/www.europesays.com\/fr\/wp-json\/wp\/v2\/media\/450112"}],"wp:attachment":[{"href":"https:\/\/www.europesays.com\/fr\/wp-json\/wp\/v2\/media?parent=450111"}],"wp:term":[{"taxonomy":"category","embeddable":true,"href":"https:\/\/www.europesays.com\/fr\/wp-json\/wp\/v2\/categories?post=450111"},{"taxonomy":"post_tag","embeddable":true,"href":"https:\/\/www.europesays.com\/fr\/wp-json\/wp\/v2\/tags?post=450111"}],"curies":[{"name":"wp","href":"https:\/\/api.w.org\/{rel}","templated":true}]}}